{"id":27825,"date":"2015-11-12T20:44:49","date_gmt":"2015-11-13T01:44:49","guid":{"rendered":"https:\/\/www.people20.com\/blog\/tendances-en-droit-du-travail-et-main-doeuvre-flexible\/"},"modified":"2026-08-13T03:36:18","modified_gmt":"2026-08-13T07:36:18","slug":"employment-law-trends-and-the-flexible-workforce","status":"publish","type":"post","link":"https:\/\/www.people20.com\/fr-ca\/blog\/employment-law-trends-and-the-flexible-workforce\/","title":{"rendered":"Tendances en droit du travail et main-d\u2019\u0153uvre flexible"},"content":{"rendered":"<p>Les lois du travail peuvent varier consid\u00e9rablement selon les niveaux gouvernementaux, certaines r\u00e9gions progressistes comme la Californie et New York \u00e9tablissant souvent des tendances pour le reste du pays. Les employeurs doivent respecter les lois du travail de chaque \u00c9tat et municipalit\u00e9 o\u00f9 il y a des personnes effectuant leur travail. On dit que les \u00c9tats am\u00e9ricains sont des \u00ab laboratoires de la d\u00e9mocratie \u00bb, et que si une r\u00e9gion particuli\u00e8re a suffisamment d\u2019influence, les lois \u00e9tatiques et locales peuvent \u00e9ventuellement devenir des lois f\u00e9d\u00e9rales. Pour cette raison, il est important de suivre ces tendances m\u00eame si vous n\u2019\u00eates pas dans un \u00c9tat avec une loi nouvelle et plus restrictive.   <\/p>\n<p><!--more--><\/p>\n<p class=\"font-claude-response-body break-words whitespace-normal\" dir=\"ltr\">Il existe une id\u00e9e re\u00e7ue courante selon laquelle les employeurs de travailleurs conditionnels sont exempt\u00e9s de respecter certaines lois du travail. Souvent, vous devez respecter les m\u00eames lois du travail pour vos travailleurs conditionnels que pour votre main-d\u2019\u0153uvre permanente. Bien qu\u2019il existe de nombreuses tendances en d\u00e9veloppement dans le droit du travail qui touchent les travailleurs flexibles, cet article se concentrera sur quelques-unes importantes.  <\/p>\n<p class=\"font-claude-response-body break-words whitespace-normal\" dir=\"ltr\"><strong>Cong\u00e9 de maladie pay\u00e9<\/strong><\/p>\n<p class=\"font-claude-response-body break-words whitespace-normal\" dir=\"ltr\">Au cours des derni\u00e8res ann\u00e9es, plusieurs \u00c9tats et municipalit\u00e9s ont mis en place des politiques de cong\u00e9s de maladie pay\u00e9s. L\u2019objectif de ces lois est de s\u2019assurer que les employ\u00e9s malades puissent rester \u00e0 la maison pour se r\u00e9tablir et ne pas propager la maladie sur place. Souvent, les employ\u00e9s vont se rendre malades au travail parce qu\u2019ils ne peuvent pas se permettre de manquer une journ\u00e9e de travail. Les lois sur le cong\u00e9 de maladie pay\u00e9 visent \u00e0 permettre aux employ\u00e9s de rester \u00e0 la maison sans insuffisance salariale.   <\/p>\n<p class=\"font-claude-response-body break-words whitespace-normal\" dir=\"ltr\">En 2014, la Californie a mis en place la <em><a class=\"underline underline underline-offset-2 decoration-1 decoration-current\/40 hover:decoration-current focus:decoration-current\" href=\"http:\/\/www.dir.ca.gov\/dlse\/Paid_Sick_Leave.htm\">Loi sur les milieux de travail en sant\u00e9 et les familles en<\/a><\/em> sant\u00e9, qui accorde aux employ\u00e9s 1 heure de cong\u00e9 de maladie pay\u00e9 pour chaque 30 heures travaill\u00e9es, jusqu\u2019\u00e0 24 heures ou 3 jours par ann\u00e9e. La loi s\u2019applique \u00e0 tous les travailleurs employ\u00e9s dans l\u2019\u00c9tat de Californie. <\/p>\n<p class=\"font-claude-response-body break-words whitespace-normal\" dir=\"ltr\">En septembre, le pr\u00e9sident Obama a \u00e9mis un <a class=\"underline underline underline-offset-2 decoration-1 decoration-current\/40 hover:decoration-current focus:decoration-current\" href=\"https:\/\/www.whitehouse.gov\/the-press-office\/2015\/09\/08\/executive-order-establishing-paid-sick-leave-federal-contractors\">d\u00e9cret imposant<\/a> des cong\u00e9s de maladie pay\u00e9s pour les travailleurs contractuels f\u00e9d\u00e9raux. Bien que cela ne s\u2019applique pas au secteur priv\u00e9, cela montre que le gouvernement f\u00e9d\u00e9ral s\u2019oriente vers l\u2019\u00e9tablissement \u00e9ventuel d\u2019exigences f\u00e9d\u00e9rales pour les cong\u00e9s de maladie pay\u00e9s pour tous les employ\u00e9s am\u00e9ricains. Il est important de rester \u00e0 jour avec toutes les nouvelles lois sur les cong\u00e9s de maladie pay\u00e9s des provinces et villes o\u00f9 vous op\u00e9rez.  <\/p>\n<p class=\"font-claude-response-body break-words whitespace-normal\" dir=\"ltr\">Comme il n\u2019y a pas de r\u00e9glementation f\u00e9d\u00e9rale dans le secteur priv\u00e9, certaines grandes entreprises ont mis en place des politiques de cong\u00e9 maladie pay\u00e9 \u00e0 leurs fournisseurs de main-d\u2019\u0153uvre temporaire. Un exemple marquant est <a class=\"underline underline underline-offset-2 decoration-1 decoration-current\/40 hover:decoration-current focus:decoration-current\" href=\"http:\/\/blogs.microsoft.com\/on-the-issues\/2015\/03\/26\/paid-time-off-matters-ensuring-minimum-standards-for-the-people-at-our-suppliers\/\">Microsoft<\/a>, qui a annonc\u00e9 plus t\u00f4t cette ann\u00e9e une politique exigeant que ses fournisseurs de personnel offrent un minimum de 15 jours de cong\u00e9s pay\u00e9s et de cong\u00e9 de maladie. Cela pourrait mener \u00e0 une tendance accrue des entreprises \u00e0 prendre des initiatives au nom de leurs fournisseurs. Les politiques de cong\u00e9 de maladie pay\u00e9 sont maintenant envisag\u00e9es pour les programmes de main-d\u2019\u0153uvre temporaire, et pas seulement pour les employ\u00e9s permanents \u00e0 temps plein. Vous pouvez consulter les r\u00e8gles actuelles de cong\u00e9 de maladie pay\u00e9 pour n\u2019importe quel \u00c9tat sur le centre <a class=\"underline underline underline-offset-2 decoration-1 decoration-current\/40 hover:decoration-current focus:decoration-current\" href=\"https:\/\/www.people20.com\/fr-ca\/global-coverage\/\">de couverture mondiale<\/a> de People2.0.    <\/p>\n<p class=\"font-claude-response-body break-words whitespace-normal\" dir=\"ltr\"><strong>Interdire la bo\u00eete<\/strong><\/p>\n<p class=\"font-claude-response-body break-words whitespace-normal\" dir=\"ltr\">Un nouveau mouvement dans les \u00c9tats et les villes concerne les lois r\u00e9gissant la question des ant\u00e9c\u00e9dents criminels sur les demandes d\u2019emploi. Les lois \u00ab Ban the Box \u00bb visent \u00e0 faciliter le processus d\u2019embauche pour les ex-d\u00e9linquants et leur objectif final est de r\u00e9duire la discrimination dans les pratiques d\u2019embauche. De plus, ces lois visent \u00e0 aider les candidats ayant des ant\u00e9c\u00e9dents criminels \u00e0 obtenir un emploi r\u00e9mun\u00e9r\u00e9 en raison des difficult\u00e9s li\u00e9es aux employeurs qui refusent d\u2019embaucher d\u2019anciens d\u00e9tenus. De nombreuses lois \u00ab Ban the Box \u00bb permettent de poser des questions sur les condamnations ant\u00e9rieures \u00e0 une \u00e9tape ult\u00e9rieure du processus de demande.   <\/p>\n<p class=\"font-claude-response-body break-words whitespace-normal\" dir=\"ltr\">R\u00e9cemment, la ville de New York a adopt\u00e9 <a class=\"underline underline underline-offset-2 decoration-1 decoration-current\/40 hover:decoration-current focus:decoration-current\" href=\"http:\/\/legistar.council.nyc.gov\/LegislationDetail.aspx?ID=1739365&#038;GUID=EF70B69C-074A-4B8E-9D36-187C76BB1098\"><em>la Loi sur la chance \u00e9quitable<\/em><\/a>, entr\u00e9e en vigueur le 27 octobre 2015. La loi \u00ab Ban the Box \u00bb de la ville de New York interdit les questions de candidature et d\u2019entrevue qui portent sur les ant\u00e9c\u00e9dents criminels du candidat. L\u2019employeur ne peut effectuer une v\u00e9rification des ant\u00e9c\u00e9dents qu\u2019apr\u00e8s avoir remis au candidat une offre d\u2019emploi conditionnelle. De plus, la loi interdit \u00e0 toute offre d\u2019emploi indiquant qu\u2019une v\u00e9rification des ant\u00e9c\u00e9dents sera effectu\u00e9e. Cet arrangement permet \u00e0 un candidat de progresser dans le processus d\u2019embauche et vise \u00e0 cr\u00e9er un environnement plus \u00e9quitable pour que les ex-d\u00e9tenus puissent trouver un emploi. Avec de plus en plus de villes et d\u2019\u00c9tats qui mettent \u00e0 jour leurs lois du travail pour inclure des r\u00e8glements \u00ab Ban the Box \u00bb, il est prudent de rester inform\u00e9 des changements \u00e9mergents au droit du travail.     <\/p>\n<p class=\"font-claude-response-body break-words whitespace-normal\" dir=\"ltr\">Une bonne pratique pour \u00e9viter tout probl\u00e8me est de consid\u00e9rer la suppression des questions sur les ant\u00e9c\u00e9dents criminels des candidatures et des entrevues. Le moment le plus appropri\u00e9 pour aborder les ant\u00e9c\u00e9dents criminels avec un candidat est apr\u00e8s qu\u2019une offre d\u2019emploi conditionnelle a \u00e9t\u00e9 faite \u00e0 ce candidat, et apr\u00e8s que la v\u00e9rification des ant\u00e9c\u00e9dents a \u00e9t\u00e9 retourn\u00e9e. Si un probl\u00e8me survient lors d\u2019une v\u00e9rification des ant\u00e9c\u00e9dents, le casier judiciaire du demandeur peut \u00eatre examin\u00e9 pour d\u00e9tecter une \u00e9ventuelle action d\u00e9favorable. People2.0 a mis en place un processus d\u2019action d\u00e9favorable o\u00f9 chaque r\u00e9sultat lors d\u2019une v\u00e9rification des ant\u00e9c\u00e9dents est analys\u00e9 au cas par cas et aide \u00e0 \u00e9liminer les pratiques d\u2019embauche discriminatoires.   <\/p>\n<p class=\"font-claude-response-body break-words whitespace-normal\" dir=\"ltr\"><strong>V\u00e9rifications de l\u2019historique de cr\u00e9dit<\/strong><\/p>\n<p class=\"font-claude-response-body break-words whitespace-normal\" dir=\"ltr\">\u00c0 l\u2019instar des lois \u00ab Ban the Box \u00bb, certaines villes et \u00c9tats ont mis en place des restrictions sur les v\u00e9rifications de l\u2019historique de cr\u00e9dit pour les candidats ou les employ\u00e9s actuels. Certains employeurs utilisent des v\u00e9rifications de cr\u00e9dit pour prendre des d\u00e9cisions d\u2019embauche ou de promotion. L\u2019objectif de ce type de lois est de pr\u00e9venir la discrimination \u00e0 l\u2019emploi contre les m\u00e9nages \u00e0 faible et moyen revenu.  <\/p>\n<p class=\"font-claude-response-body break-words whitespace-normal\" dir=\"ltr\">En 2013, l\u2019\u00c9tat du Colorado a instaur\u00e9 la \u00ab <a class=\"underline underline underline-offset-2 decoration-1 decoration-current\/40 hover:decoration-current focus:decoration-current\" href=\"https:\/\/www.colorado.gov\/pacific\/cdle\/eoa\">Loi sur les opportunit\u00e9s d\u2019emploi<\/a> \u00bb, qui limite l\u2019utilisation des v\u00e9rifications de cr\u00e9dit des candidats et employ\u00e9s uniquement \u00e0 ceux dont les informations de cr\u00e9dit sont \u00ab substantiellement li\u00e9es \u00bb au poste. Il est important de noter qu\u2019il existe plusieurs exemptions \u00e0 ce type de lois selon le type de travail effectu\u00e9 par l\u2019employ\u00e9 et son niveau de s\u00e9curit\u00e9. De nombreuses autres villes et \u00c9tats ont des lois similaires interdisant l\u2019utilisation des v\u00e9rifications de cr\u00e9dit pour les employ\u00e9s potentiels.  <\/p>\n<p class=\"font-claude-response-body break-words whitespace-normal\" dir=\"ltr\">Dans le cadre d\u2019un programme de main-d\u2019\u0153uvre temporaire, il peut \u00eatre judicieux de supprimer toute politique g\u00e9n\u00e9rale de v\u00e9rification de cr\u00e9dit. Vous pourriez plut\u00f4t envisager de revoir la n\u00e9cessit\u00e9 de la v\u00e9rification de cr\u00e9dit en fonction du type de travail que l\u2019employ\u00e9 effectuera. <\/p>\n<p class=\"font-claude-response-body break-words whitespace-normal\" dir=\"ltr\"><strong>Pratiques exemplaires<\/strong><\/p>\n<p class=\"font-claude-response-body break-words whitespace-normal\" dir=\"ltr\">Les lois du travail peuvent varier consid\u00e9rablement aux niveaux f\u00e9d\u00e9ral, provincial et local. Il est \u00e9vident, mais tr\u00e8s difficile \u00e0 mettre en \u0153uvre, une bonne pratique de <a class=\"underline underline underline-offset-2 decoration-1 decoration-current\/40 hover:decoration-current focus:decoration-current\" href=\"https:\/\/www.people20.com\/fr-ca\/blog\/the-definitive-guide-to-workforce-compliance-mastery\/\">surveiller continuellement vos programmes de main-d\u2019\u0153uvre conditionnelle<\/a> afin de vous assurer de suivre les r\u00e9cents changements et tendances du droit du travail. <\/p>\n<p class=\"font-claude-response-body break-words whitespace-normal\" dir=\"ltr\">Si votre entreprise emploie des travailleurs dans plus d\u2019un \u00c9tat, il peut devenir difficile de suivre tous les changements dans la l\u00e9gislation du travail. Parfois, ces lois provinciales et locales \u00e9voluent vers des r\u00e8glements f\u00e9d\u00e9raux et s\u2019appliquent \u00e0 toute votre main-d\u2019\u0153uvre. Une solution simple est de travailler avec un sp\u00e9cialiste de la conformit\u00e9 et de l\u2019engagement des travailleurs autonomes comme People2.0. Par exemple, dans le cadre de nos <a class=\"underline underline underline-offset-2 decoration-1 decoration-current\/40 hover:decoration-current focus:decoration-current\" href=\"https:\/\/www.people20.com\/fr-ca\/employer-of-record\/\">services professionnels de paie Employer of Record<\/a> pour les travailleurs des 50 \u00c9tats am\u00e9ricains, nous devons rester \u00e0 jour avec les lois du travail \u00e0 tous les niveaux f\u00e9d\u00e9ral, provincial et local. People2.0 assure la conformit\u00e9 \u00e0 toutes les lois du travail et r\u00e9duit les risques pour votre main-d\u2019\u0153uvre temporaire.    <\/p>\n<p>&nbsp;<\/p>\n","protected":false},"excerpt":{"rendered":"<p>Il existe une id\u00e9e re\u00e7ue courante selon laquelle les travailleurs temporaires sont exempt\u00e9s de respecter certaines lois du travail. Souvent, vous devez respecter les m\u00eames lois du travail pour vos travailleurs temporaires que pour votre main-d\u2019\u0153uvre permanente. Bien qu\u2019il existe de nombreuses tendances \u00e9mergentes en droit du travail, cet article se concentrera sur quelques-unes importantes.  <\/p>\n","protected":false},"author":1,"featured_media":27453,"comment_status":"closed","ping_status":"closed","sticky":false,"template":"","format":"standard","meta":{"_acf_changed":false,"content-type":"","footnotes":""},"categories":[1163,1227,1239,1953,1203,1207,1211,1958],"tags":[1367,1683,1687,1679,1675,1595],"class_list":["post-27825","post","type-post","status-publish","format-standard","has-post-thumbnail","hentry","category-blog-fr-ca","category-compliance-fr-ca","category-mass-talent-fr-ca","category-perspectives-de-lindustrie","category-practice-areas-fr-ca","category-search-recruiting-fr-ca","category-staffing-fr-ca","category-tendances-du-marche-mondial-des-talents","tag-industry-insights-fr-ca","tag-pa3-fr-ca","tag-pa4-fr-ca","tag-pa2-fr-ca","tag-pa1-fr-ca","tag-trends-in-the-global-talent-marketplace-fr-ca"],"acf":[],"yoast_head":"<!-- This site is optimized with the Yoast SEO plugin v28.3 - https:\/\/yoast.com\/product\/yoast-seo-wordpress\/ -->\n<title>Tendances en droit du travail et main-d\u2019\u0153uvre flexible<\/title>\n<meta name=\"description\" content=\"Explorez les tendances en droit du travail qui affectent la main-d\u2019\u0153uvre flexible. Restez inform\u00e9 des changements cl\u00e9s qui affectent l\u2019embauche, la conformit\u00e9 et la gestion de la main-d\u2019\u0153uvre.\" \/>\n<meta name=\"robots\" content=\"index, follow, max-snippet:-1, max-image-preview:large, max-video-preview:-1\" \/>\n<link rel=\"canonical\" href=\"https:\/\/www.people20.com\/fr-ca\/blog\/employment-law-trends-and-the-flexible-workforce\/\" \/>\n<meta property=\"og:locale\" content=\"fr_CA\" \/>\n<meta property=\"og:type\" content=\"article\" \/>\n<meta property=\"og:title\" content=\"Tendances en droit du travail et main-d\u2019\u0153uvre flexible\" \/>\n<meta property=\"og:description\" content=\"Explorez les tendances en droit du travail qui affectent la main-d\u2019\u0153uvre flexible. Restez inform\u00e9 des changements cl\u00e9s qui affectent l\u2019embauche, la conformit\u00e9 et la gestion de la main-d\u2019\u0153uvre.\" \/>\n<meta property=\"og:url\" content=\"https:\/\/www.people20.com\/fr-ca\/blog\/employment-law-trends-and-the-flexible-workforce\/\" \/>\n<meta property=\"og:site_name\" content=\"People2.0 | Global\" \/>\n<meta property=\"article:published_time\" content=\"2015-11-13T01:44:49+00:00\" \/>\n<meta property=\"article:modified_time\" content=\"2026-08-13T07:36:18+00:00\" \/>\n<meta property=\"og:image\" content=\"https:\/\/www.people20.com\/wp-content\/uploads\/2025\/09\/default-featured-blog-image-e1759425826602.png\" \/>\n\t<meta property=\"og:image:width\" content=\"1000\" \/>\n\t<meta property=\"og:image:height\" content=\"675\" \/>\n\t<meta property=\"og:image:type\" content=\"image\/png\" \/>\n<meta name=\"author\" content=\"mstockton\" \/>\n<meta name=\"twitter:card\" content=\"summary_large_image\" \/>\n<meta name=\"twitter:label1\" content=\"\u00c9crit par\" \/>\n\t<meta name=\"twitter:data1\" content=\"mstockton\" \/>\n\t<meta name=\"twitter:label2\" content=\"Temps estim\u00e9 \u00e0 la lecture \" \/>\n\t<meta name=\"twitter:data2\" content=\"7 minute\" \/>\n<!-- \/ Yoast SEO plugin. -->","yoast_head_json":{"title":"Tendances en droit du travail et main-d\u2019\u0153uvre flexible","description":"Explorez les tendances en droit du travail qui affectent la main-d\u2019\u0153uvre flexible. Restez inform\u00e9 des changements cl\u00e9s qui affectent l\u2019embauche, la conformit\u00e9 et la gestion de la main-d\u2019\u0153uvre.","robots":{"index":"index","follow":"follow","max-snippet":"max-snippet:-1","max-image-preview":"max-image-preview:large","max-video-preview":"max-video-preview:-1"},"canonical":"https:\/\/www.people20.com\/fr-ca\/blog\/employment-law-trends-and-the-flexible-workforce\/","og_locale":"fr_CA","og_type":"article","og_title":"Tendances en droit du travail et main-d\u2019\u0153uvre flexible","og_description":"Explorez les tendances en droit du travail qui affectent la main-d\u2019\u0153uvre flexible. Restez inform\u00e9 des changements cl\u00e9s qui affectent l\u2019embauche, la conformit\u00e9 et la gestion de la main-d\u2019\u0153uvre.","og_url":"https:\/\/www.people20.com\/fr-ca\/blog\/employment-law-trends-and-the-flexible-workforce\/","og_site_name":"People2.0 | Global","article_published_time":"2015-11-13T01:44:49+00:00","article_modified_time":"2026-08-13T07:36:18+00:00","og_image":[{"width":1000,"height":675,"url":"https:\/\/www.people20.com\/wp-content\/uploads\/2025\/09\/default-featured-blog-image-e1759425826602.png","type":"image\/png"}],"author":"mstockton","twitter_card":"summary_large_image","twitter_misc":{"\u00c9crit par":"mstockton","Temps estim\u00e9 \u00e0 la lecture ":"7 minute"},"schema":{"@context":"https:\/\/schema.org","@graph":[{"@type":"Article","@id":"https:\/\/www.people20.com\/fr-ca\/blog\/employment-law-trends-and-the-flexible-workforce\/#article","isPartOf":{"@id":"https:\/\/www.people20.com\/fr-ca\/blog\/employment-law-trends-and-the-flexible-workforce\/"},"author":{"name":"mstockton","@id":"https:\/\/www.people20.com\/fr-ca\/#\/schema\/person\/8e2bd6d4178279b0432c3a752289cf70"},"headline":"Tendances en droit du travail et main-d\u2019\u0153uvre flexible","datePublished":"2015-11-13T01:44:49+00:00","dateModified":"2026-08-13T07:36:18+00:00","mainEntityOfPage":{"@id":"https:\/\/www.people20.com\/fr-ca\/blog\/employment-law-trends-and-the-flexible-workforce\/"},"wordCount":1441,"publisher":{"@id":"https:\/\/www.people20.com\/fr-ca\/#organization"},"image":{"@id":"https:\/\/www.people20.com\/fr-ca\/blog\/employment-law-trends-and-the-flexible-workforce\/#primaryimage"},"thumbnailUrl":"https:\/\/www.people20.com\/wp-content\/uploads\/2025\/09\/default-featured-blog-image-e1759425826602.png","keywords":["Informations sectorielles","Mass Talent and Enterprise","Professional Services","Search and Recruiting","Staffing","Trends in the Global Talent Marketplace"],"articleSection":["Blog","Compliance","Mass Talent Procurement","Perspectives de l\u2019industrie","Practice Areas","Search &amp; Recruiting","Staffing","Tendances du march\u00e9 mondial des talents"],"inLanguage":"fr-CA"},{"@type":"WebPage","@id":"https:\/\/www.people20.com\/fr-ca\/blog\/employment-law-trends-and-the-flexible-workforce\/","url":"https:\/\/www.people20.com\/fr-ca\/blog\/employment-law-trends-and-the-flexible-workforce\/","name":"Tendances en droit du travail et main-d\u2019\u0153uvre flexible","isPartOf":{"@id":"https:\/\/www.people20.com\/fr-ca\/#website"},"primaryImageOfPage":{"@id":"https:\/\/www.people20.com\/fr-ca\/blog\/employment-law-trends-and-the-flexible-workforce\/#primaryimage"},"image":{"@id":"https:\/\/www.people20.com\/fr-ca\/blog\/employment-law-trends-and-the-flexible-workforce\/#primaryimage"},"thumbnailUrl":"https:\/\/www.people20.com\/wp-content\/uploads\/2025\/09\/default-featured-blog-image-e1759425826602.png","datePublished":"2015-11-13T01:44:49+00:00","dateModified":"2026-08-13T07:36:18+00:00","description":"Explorez les tendances en droit du travail qui affectent la main-d\u2019\u0153uvre flexible. Restez inform\u00e9 des changements cl\u00e9s qui affectent l\u2019embauche, la conformit\u00e9 et la gestion de la main-d\u2019\u0153uvre.","breadcrumb":{"@id":"https:\/\/www.people20.com\/fr-ca\/blog\/employment-law-trends-and-the-flexible-workforce\/#breadcrumb"},"inLanguage":"fr-CA","potentialAction":[{"@type":"ReadAction","target":["https:\/\/www.people20.com\/fr-ca\/blog\/employment-law-trends-and-the-flexible-workforce\/"]}]},{"@type":"ImageObject","inLanguage":"fr-CA","@id":"https:\/\/www.people20.com\/fr-ca\/blog\/employment-law-trends-and-the-flexible-workforce\/#primaryimage","url":"https:\/\/www.people20.com\/wp-content\/uploads\/2025\/09\/default-featured-blog-image-e1759425826602.png","contentUrl":"https:\/\/www.people20.com\/wp-content\/uploads\/2025\/09\/default-featured-blog-image-e1759425826602.png","width":1000,"height":675},{"@type":"BreadcrumbList","@id":"https:\/\/www.people20.com\/fr-ca\/blog\/employment-law-trends-and-the-flexible-workforce\/#breadcrumb","itemListElement":[{"@type":"ListItem","position":1,"name":"Home","item":"https:\/\/www.people20.com\/fr-ca\/home\/"},{"@type":"ListItem","position":2,"name":"Tendances en droit du travail et main-d\u2019\u0153uvre flexible"}]},{"@type":"WebSite","@id":"https:\/\/www.people20.com\/fr-ca\/#website","url":"https:\/\/www.people20.com\/fr-ca\/","name":"People2.0 | Global","description":"Global employment, simplified.","publisher":{"@id":"https:\/\/www.people20.com\/fr-ca\/#organization"},"potentialAction":[{"@type":"SearchAction","target":{"@type":"EntryPoint","urlTemplate":"https:\/\/www.people20.com\/fr-ca\/?s={search_term_string}"},"query-input":{"@type":"PropertyValueSpecification","valueRequired":true,"valueName":"search_term_string"}}],"inLanguage":"fr-CA"},{"@type":"Organization","@id":"https:\/\/www.people20.com\/fr-ca\/#organization","name":"People2.0 | Global","url":"https:\/\/www.people20.com\/fr-ca\/","logo":{"@type":"ImageObject","inLanguage":"fr-CA","@id":"https:\/\/www.people20.com\/fr-ca\/#\/schema\/logo\/image\/","url":"https:\/\/www.people20.com\/wp-content\/uploads\/2025\/05\/people20-logo.svg","contentUrl":"https:\/\/www.people20.com\/wp-content\/uploads\/2025\/05\/people20-logo.svg","caption":"People2.0 | Global"},"image":{"@id":"https:\/\/www.people20.com\/fr-ca\/#\/schema\/logo\/image\/"}},{"@type":"Person","@id":"https:\/\/www.people20.com\/fr-ca\/#\/schema\/person\/8e2bd6d4178279b0432c3a752289cf70","name":"mstockton","image":{"@type":"ImageObject","inLanguage":"fr-CA","@id":"https:\/\/secure.gravatar.com\/avatar\/647d665762e1eb25072a3fd27f241688164506d74742d36e717bfcd92cdb5b68?s=96&d=mm&r=g","url":"https:\/\/secure.gravatar.com\/avatar\/647d665762e1eb25072a3fd27f241688164506d74742d36e717bfcd92cdb5b68?s=96&d=mm&r=g","contentUrl":"https:\/\/secure.gravatar.com\/avatar\/647d665762e1eb25072a3fd27f241688164506d74742d36e717bfcd92cdb5b68?s=96&d=mm&r=g","caption":"mstockton"},"sameAs":["http:\/\/www.people20.com"],"url":"https:\/\/www.people20.com\/fr-ca\/blog\/author\/mrstockton\/"}]}},"_links":{"self":[{"href":"https:\/\/www.people20.com\/fr-ca\/wp-json\/wp\/v2\/posts\/27825","targetHints":{"allow":["GET"]}}],"collection":[{"href":"https:\/\/www.people20.com\/fr-ca\/wp-json\/wp\/v2\/posts"}],"about":[{"href":"https:\/\/www.people20.com\/fr-ca\/wp-json\/wp\/v2\/types\/post"}],"author":[{"embeddable":true,"href":"https:\/\/www.people20.com\/fr-ca\/wp-json\/wp\/v2\/users\/1"}],"replies":[{"embeddable":true,"href":"https:\/\/www.people20.com\/fr-ca\/wp-json\/wp\/v2\/comments?post=27825"}],"version-history":[{"count":1,"href":"https:\/\/www.people20.com\/fr-ca\/wp-json\/wp\/v2\/posts\/27825\/revisions"}],"predecessor-version":[{"id":44657,"href":"https:\/\/www.people20.com\/fr-ca\/wp-json\/wp\/v2\/posts\/27825\/revisions\/44657"}],"wp:featuredmedia":[{"embeddable":true,"href":"https:\/\/www.people20.com\/fr-ca\/wp-json\/wp\/v2\/media\/27453"}],"wp:attachment":[{"href":"https:\/\/www.people20.com\/fr-ca\/wp-json\/wp\/v2\/media?parent=27825"}],"wp:term":[{"taxonomy":"category","embeddable":true,"href":"https:\/\/www.people20.com\/fr-ca\/wp-json\/wp\/v2\/categories?post=27825"},{"taxonomy":"post_tag","embeddable":true,"href":"https:\/\/www.people20.com\/fr-ca\/wp-json\/wp\/v2\/tags?post=27825"}],"curies":[{"name":"wp","href":"https:\/\/api.w.org\/{rel}","templated":true}]}}