{"id":28874,"date":"2022-03-04T22:24:00","date_gmt":"2022-03-05T03:24:00","guid":{"rendered":"https:\/\/www.people20.com\/company-news\/lamerican-payroll-association-annonce-que-bruce-phipps-cpp-directeur-des-services-partages-chez-people2-0-va-servir-un-second-mandat-presidentiel\/"},"modified":"2025-12-12T14:55:32","modified_gmt":"2025-12-12T19:55:32","slug":"american-payroll-association-announces-bruce-phipps-cpp-director-of-shared-services-people2-0-to-serve-second-presidential-term-2","status":"publish","type":"company-news","link":"https:\/\/www.people20.com\/fr-ca\/company-news\/american-payroll-association-announces-bruce-phipps-cpp-director-of-shared-services-people2-0-to-serve-second-presidential-term-2\/","title":{"rendered":"L\u2019American Payroll Association annonce que Bruce Phipps, CPP, directeur des services partag\u00e9s chez People2.0, va servir un second mandat pr\u00e9sidentiel"},"content":{"rendered":"<p><b>King of Prussia, PA \u2013 7 mars 2022<\/b> \u2013 <a href=\"https:\/\/www.americanpayroll.org\/news-resources\/apa-news\/news-detail\/2022\/01\/05\/apa-leadership-changes-for-2022\">Comme r\u00e9cemment annonc\u00e9<\/a> par l\u2019American Payroll Association (APA), Bruce Phipps, directeur des services partag\u00e9s de People2.0, effectuera un second mandat \u00e0 titre de pr\u00e9sident de l\u2019APA. Membre de l\u2019APA depuis 1988 et professionnel certifi\u00e9 de la paie (CPP), Phipps poursuivra sa pr\u00e9sidence en raison des changements de direction.&nbsp;<\/p>\n<p>\u00ab Je suis enthousiaste \u00e0 l\u2019id\u00e9e d\u2019avoir l\u2019occasion de servir un autre mandat comme pr\u00e9sident de l\u2019APA. Cette organisation occupe un r\u00f4le si important, et je suis honor\u00e9 de continuer \u00e0 exercer mon leadership \u00bb, a d\u00e9clar\u00e9 Phipps.&nbsp;<\/p>\n<p>Phipps a rejoint <a href=\"https:\/\/www.people20.com\/our-capabilities\/\">People2.0<\/a> \u2014 la plus grande plateforme mondiale mondiale de services d\u2019employeur de r\u00e9f\u00e9rence (EOR) et d\u2019agent de r\u00e9f\u00e9rence (AOR) \u2014 en mars 2020 et occupe le poste de directrice des services partag\u00e9s depuis pr\u00e8s de 2 ans. Dans son r\u00f4le, il est responsable de la direction et de la gestion de toutes les activit\u00e9s transactionnelles et op\u00e9rationnelles centralis\u00e9es soutenant la paie et la facturation. Il se targue d\u2019une carri\u00e8re de 45 ans en tant que professionnel de la paie couvrant de nombreux secteurs, allant des valves industrielles aux services de th\u00e9rapie de r\u00e9adaptation en passant par la gestion de bases de donn\u00e9es.  &nbsp;<\/p>\n<p>En 2011, Phipps a \u00e9t\u00e9 nomm\u00e9 \u00ab Payroll Man of the Year \u00bb de l\u2019APA. Au cours des dix ann\u00e9es suivantes, Phipps a occup\u00e9 plusieurs postes au sein de l\u2019APA, notamment pr\u00e9sident du comit\u00e9 des subventions \u00e0 l\u2019\u00e9ducation et membre du conseil consultatif pour l\u2019une des r\u00e9gions de l\u2019organisation, en plus de faire du b\u00e9n\u00e9volat dans d\u2019autres comit\u00e9s. &nbsp;<\/p>\n<p>\u00ab \u00catre pr\u00e9sident de l\u2019APA dans mon r\u00f4le chez People2.0 m\u2019a permis d\u2019apporter une perspective unique \u00e0 l\u2019association \u00bb, a-t-il d\u00e9clar\u00e9. \u00ab Ma familiarit\u00e9 avec les besoins des entreprises offrant du travail temporaire, plut\u00f4t que des arrangements de travail traditionnels, me permet d\u2019\u00eatre la voix d\u2019un groupe d\u00e9mographique entier qui aurait autrement pu \u00eatre n\u00e9glig\u00e9. D\u2019un autre c\u00f4t\u00e9, travailler au sein de l\u2019APA me permet d\u2019apporter un regard neuf aux clients People2.0 que nous soutenons chaque jour. \u00bb &nbsp;<\/p>\n<p>Phipps a ajout\u00e9 : \u00ab Alors que nous reviendrons aux r\u00e9unions en personne en 2022, je veux rencontrer autant de membres que possible. De plus, je serais honor\u00e9 d\u2019assister aux r\u00e9unions pr\u00e9vues de nos chapitres de l\u2019APA pour \u00e9changer avec nos membres. \u00bb Le deuxi\u00e8me mandat de Phipps d\u00e9butera en mai 2022. &nbsp;<\/p>\n<p style=\"text-align: center\">###&nbsp;<\/p>\n","protected":false},"excerpt":{"rendered":"<p>King of Prussia, PA \u2013 7 mars 2022 \u2013 Comme r\u00e9cemment annonc\u00e9 par l\u2019American Payroll Association (APA), Bruce Phipps, directeur des services partag\u00e9s de People2.0, effectuera un second mandat \u00e0 titre de pr\u00e9sident de l\u2019APA. Membre de l\u2019APA depuis 1988 et professionnel certifi\u00e9 de la paie (CPP), Phipps poursuivra sa pr\u00e9sidence en raison des changements de direction. <\/p>\n","protected":false},"author":1,"featured_media":27453,"parent":0,"comment_status":"open","ping_status":"open","template":"","format":"standard","meta":{"_acf_changed":false,"content-type":"","footnotes":""},"categories":[1175,1179],"tags":[],"class_list":["post-28874","company-news","type-company-news","status-publish","format-standard","has-post-thumbnail","hentry","category-multisite-location-fr-ca","category-all-global-fr-ca"],"acf":[],"yoast_head":"<!-- This site is optimized with the Yoast SEO plugin v27.4 - https:\/\/yoast.com\/product\/yoast-seo-wordpress\/ -->\n<title>L\u2019American Payroll Association annonce que Bruce Phipps, CPP, directeur des services partag\u00e9s chez People2.0, va servir un second mandat pr\u00e9sidentiel &#8211; People2.0 | Global<\/title>\n<meta name=\"description\" content=\"Membre de l\u2019APA depuis 1988 et professionnel certifi\u00e9 de la paie (CPP), Phipps poursuivra sa pr\u00e9sidence en raison des changements de direction.\" \/>\n<meta name=\"robots\" content=\"index, follow, max-snippet:-1, max-image-preview:large, max-video-preview:-1\" \/>\n<link rel=\"canonical\" href=\"https:\/\/www.people20.com\/fr-ca\/company-news\/american-payroll-association-announces-bruce-phipps-cpp-director-of-shared-services-people2-0-to-serve-second-presidential-term-2\/\" \/>\n<meta property=\"og:locale\" content=\"fr_CA\" \/>\n<meta property=\"og:type\" content=\"article\" \/>\n<meta property=\"og:title\" content=\"L\u2019American Payroll Association annonce que Bruce Phipps, CPP, directeur des services partag\u00e9s chez People2.0, va servir un second mandat pr\u00e9sidentiel &#8211; People2.0 | Global\" \/>\n<meta property=\"og:description\" content=\"Membre de l\u2019APA depuis 1988 et professionnel certifi\u00e9 de la paie (CPP), Phipps poursuivra sa pr\u00e9sidence en raison des changements de direction.\" \/>\n<meta property=\"og:url\" content=\"https:\/\/www.people20.com\/fr-ca\/company-news\/american-payroll-association-announces-bruce-phipps-cpp-director-of-shared-services-people2-0-to-serve-second-presidential-term-2\/\" \/>\n<meta property=\"og:site_name\" content=\"People2.0 | Global\" \/>\n<meta property=\"article:modified_time\" content=\"2025-12-12T19:55:32+00:00\" \/>\n<meta property=\"og:image\" content=\"https:\/\/www.people20.com\/wp-content\/uploads\/2025\/09\/default-featured-blog-image-e1759425826602.png\" \/>\n\t<meta property=\"og:image:width\" content=\"1000\" \/>\n\t<meta property=\"og:image:height\" content=\"675\" \/>\n\t<meta property=\"og:image:type\" content=\"image\/png\" \/>\n<meta name=\"twitter:card\" content=\"summary_large_image\" \/>\n<meta name=\"twitter:label1\" content=\"Temps estim\u00e9 \u00e0 la lecture \" \/>\n\t<meta name=\"twitter:data1\" content=\"2 minute\" \/>\n<!-- \/ Yoast SEO plugin. -->","yoast_head_json":{"title":"L\u2019American Payroll Association annonce que Bruce Phipps, CPP, directeur des services partag\u00e9s chez People2.0, va servir un second mandat pr\u00e9sidentiel &#8211; People2.0 | Global","description":"Membre de l\u2019APA depuis 1988 et professionnel certifi\u00e9 de la paie (CPP), Phipps poursuivra sa pr\u00e9sidence en raison des changements de direction.","robots":{"index":"index","follow":"follow","max-snippet":"max-snippet:-1","max-image-preview":"max-image-preview:large","max-video-preview":"max-video-preview:-1"},"canonical":"https:\/\/www.people20.com\/fr-ca\/company-news\/american-payroll-association-announces-bruce-phipps-cpp-director-of-shared-services-people2-0-to-serve-second-presidential-term-2\/","og_locale":"fr_CA","og_type":"article","og_title":"L\u2019American Payroll Association annonce que Bruce Phipps, CPP, directeur des services partag\u00e9s chez People2.0, va servir un second mandat pr\u00e9sidentiel &#8211; People2.0 | Global","og_description":"Membre de l\u2019APA depuis 1988 et professionnel certifi\u00e9 de la paie (CPP), Phipps poursuivra sa pr\u00e9sidence en raison des changements de direction.","og_url":"https:\/\/www.people20.com\/fr-ca\/company-news\/american-payroll-association-announces-bruce-phipps-cpp-director-of-shared-services-people2-0-to-serve-second-presidential-term-2\/","og_site_name":"People2.0 | Global","article_modified_time":"2025-12-12T19:55:32+00:00","og_image":[{"width":1000,"height":675,"url":"https:\/\/www.people20.com\/wp-content\/uploads\/2025\/09\/default-featured-blog-image-e1759425826602.png","type":"image\/png"}],"twitter_card":"summary_large_image","twitter_misc":{"Temps estim\u00e9 \u00e0 la lecture ":"2 minute"},"schema":{"@context":"https:\/\/schema.org","@graph":[{"@type":"WebPage","@id":"https:\/\/www.people20.com\/fr-ca\/company-news\/american-payroll-association-announces-bruce-phipps-cpp-director-of-shared-services-people2-0-to-serve-second-presidential-term-2\/","url":"https:\/\/www.people20.com\/fr-ca\/company-news\/american-payroll-association-announces-bruce-phipps-cpp-director-of-shared-services-people2-0-to-serve-second-presidential-term-2\/","name":"L\u2019American Payroll Association annonce que Bruce Phipps, CPP, directeur des services partag\u00e9s chez People2.0, va servir un second mandat pr\u00e9sidentiel &#8211; People2.0 | Global","isPartOf":{"@id":"https:\/\/www.people20.com\/fr-ca\/#website"},"primaryImageOfPage":{"@id":"https:\/\/www.people20.com\/fr-ca\/company-news\/american-payroll-association-announces-bruce-phipps-cpp-director-of-shared-services-people2-0-to-serve-second-presidential-term-2\/#primaryimage"},"image":{"@id":"https:\/\/www.people20.com\/fr-ca\/company-news\/american-payroll-association-announces-bruce-phipps-cpp-director-of-shared-services-people2-0-to-serve-second-presidential-term-2\/#primaryimage"},"thumbnailUrl":"https:\/\/www.people20.com\/wp-content\/uploads\/2025\/09\/default-featured-blog-image-e1759425826602.png","datePublished":"2022-03-05T03:24:00+00:00","dateModified":"2025-12-12T19:55:32+00:00","description":"Membre de l\u2019APA depuis 1988 et professionnel certifi\u00e9 de la paie (CPP), Phipps poursuivra sa pr\u00e9sidence en raison des changements de direction.","breadcrumb":{"@id":"https:\/\/www.people20.com\/fr-ca\/company-news\/american-payroll-association-announces-bruce-phipps-cpp-director-of-shared-services-people2-0-to-serve-second-presidential-term-2\/#breadcrumb"},"inLanguage":"fr-CA","potentialAction":[{"@type":"ReadAction","target":["https:\/\/www.people20.com\/fr-ca\/company-news\/american-payroll-association-announces-bruce-phipps-cpp-director-of-shared-services-people2-0-to-serve-second-presidential-term-2\/"]}]},{"@type":"ImageObject","inLanguage":"fr-CA","@id":"https:\/\/www.people20.com\/fr-ca\/company-news\/american-payroll-association-announces-bruce-phipps-cpp-director-of-shared-services-people2-0-to-serve-second-presidential-term-2\/#primaryimage","url":"https:\/\/www.people20.com\/wp-content\/uploads\/2025\/09\/default-featured-blog-image-e1759425826602.png","contentUrl":"https:\/\/www.people20.com\/wp-content\/uploads\/2025\/09\/default-featured-blog-image-e1759425826602.png","width":1000,"height":675},{"@type":"BreadcrumbList","@id":"https:\/\/www.people20.com\/fr-ca\/company-news\/american-payroll-association-announces-bruce-phipps-cpp-director-of-shared-services-people2-0-to-serve-second-presidential-term-2\/#breadcrumb","itemListElement":[{"@type":"ListItem","position":1,"name":"Home","item":"https:\/\/www.people20.com\/fr-ca\/home\/"},{"@type":"ListItem","position":2,"name":"Nouvelles","item":"https:\/\/www.people20.com\/fr-ca\/news-archive\/"},{"@type":"ListItem","position":3,"name":"L\u2019American Payroll Association annonce que Bruce Phipps, CPP, directeur des services partag\u00e9s chez People2.0, va servir un second mandat pr\u00e9sidentiel"}]},{"@type":"WebSite","@id":"https:\/\/www.people20.com\/fr-ca\/#website","url":"https:\/\/www.people20.com\/fr-ca\/","name":"People2.0 | Global","description":"Global employment, simplified.","publisher":{"@id":"https:\/\/www.people20.com\/fr-ca\/#organization"},"potentialAction":[{"@type":"SearchAction","target":{"@type":"EntryPoint","urlTemplate":"https:\/\/www.people20.com\/fr-ca\/?s={search_term_string}"},"query-input":{"@type":"PropertyValueSpecification","valueRequired":true,"valueName":"search_term_string"}}],"inLanguage":"fr-CA"},{"@type":"Organization","@id":"https:\/\/www.people20.com\/fr-ca\/#organization","name":"People2.0 | Global","url":"https:\/\/www.people20.com\/fr-ca\/","logo":{"@type":"ImageObject","inLanguage":"fr-CA","@id":"https:\/\/www.people20.com\/fr-ca\/#\/schema\/logo\/image\/","url":"https:\/\/www.people20.com\/wp-content\/uploads\/2025\/05\/people20-logo.svg","contentUrl":"https:\/\/www.people20.com\/wp-content\/uploads\/2025\/05\/people20-logo.svg","caption":"People2.0 | Global"},"image":{"@id":"https:\/\/www.people20.com\/fr-ca\/#\/schema\/logo\/image\/"}}]}},"_links":{"self":[{"href":"https:\/\/www.people20.com\/fr-ca\/wp-json\/wp\/v2\/news\/28874","targetHints":{"allow":["GET"]}}],"collection":[{"href":"https:\/\/www.people20.com\/fr-ca\/wp-json\/wp\/v2\/news"}],"about":[{"href":"https:\/\/www.people20.com\/fr-ca\/wp-json\/wp\/v2\/types\/company-news"}],"author":[{"embeddable":true,"href":"https:\/\/www.people20.com\/fr-ca\/wp-json\/wp\/v2\/users\/1"}],"replies":[{"embeddable":true,"href":"https:\/\/www.people20.com\/fr-ca\/wp-json\/wp\/v2\/comments?post=28874"}],"version-history":[{"count":1,"href":"https:\/\/www.people20.com\/fr-ca\/wp-json\/wp\/v2\/news\/28874\/revisions"}],"predecessor-version":[{"id":35481,"href":"https:\/\/www.people20.com\/fr-ca\/wp-json\/wp\/v2\/news\/28874\/revisions\/35481"}],"wp:featuredmedia":[{"embeddable":true,"href":"https:\/\/www.people20.com\/fr-ca\/wp-json\/wp\/v2\/media\/27453"}],"wp:attachment":[{"href":"https:\/\/www.people20.com\/fr-ca\/wp-json\/wp\/v2\/media?parent=28874"}],"wp:term":[{"taxonomy":"category","embeddable":true,"href":"https:\/\/www.people20.com\/fr-ca\/wp-json\/wp\/v2\/categories?post=28874"},{"taxonomy":"post_tag","embeddable":true,"href":"https:\/\/www.people20.com\/fr-ca\/wp-json\/wp\/v2\/tags?post=28874"}],"curies":[{"name":"wp","href":"https:\/\/api.w.org\/{rel}","templated":true}]}}