{"id":28828,"date":"2023-05-19T16:37:00","date_gmt":"2023-05-19T20:37:00","guid":{"rendered":"https:\/\/www.people20.com\/company-news\/people2-0-annonce-andrew-fahey-comme-chef-de-la-societe-mondiale\/"},"modified":"2025-10-02T16:53:25","modified_gmt":"2025-10-02T20:53:25","slug":"people2-0-announces-andrew-fahey-as-global-cco-2","status":"publish","type":"company-news","link":"https:\/\/www.people20.com\/fr-ca\/company-news\/people2-0-announces-andrew-fahey-as-global-cco-2\/","title":{"rendered":"People2.0 annonce Andrew Fahey comme chef de la soci\u00e9t\u00e9 mondiale"},"content":{"rendered":"\n<p><b>King of Prussia, PA \u2013 15 mai 2023<\/b> \u2013 <span class=\"TextRun SCXW175005381 BCX0\" lang=\"EN-US\" xml_lang=\"EN-US\" data-contrast=\"auto\"><span class=\"NormalTextRun SCXW175005381 BCX0\">People2.0, le plus grand employeur de r\u00e9f\u00e9rence (EOR) et fournisseur mondial de services d\u2019agent de r\u00e9f\u00e9rence (AOR), a annonc\u00e9 aujourd\u2019hui un changement cl\u00e9 de direction. Andrew Fahey,<\/span> <span class=\"NormalTextRun SCXW175005381 BCX0\">estim\u00e9 PDG du Brookson Group (une entreprise People2.0), passera au poste de directeur commercial mondial. Dans son nouveau r\u00f4le, Fahey supervisera la strat\u00e9gie commerciale de l\u2019entreprise, incluant les ventes, le marketing, les produits, la tarification<\/span> <span class=\"NormalTextRun SCXW175005381 BCX0\">et les partenariats strat\u00e9giques. Cette transition favorisera l\u2019int\u00e9gration fluide de Brookson avec People2.0.<\/span> <\/span> <\/p>\n\n<p><span class=\"TextRun SCXW158412098 BCX0\" lang=\"EN-US\" xml_lang=\"EN-US\" data-contrast=\"auto\"><span class=\"NormalTextRun SCXW158412098 BCX0\"><span class=\"NormalTextRun SCXW190261310 BCX0\">\u00ab Alors que je m\u2019engage dans mon parcours en tant que directeur commercial chez People2.0, je suis rempli d\u2019enthousiasme et de d\u00e9termination \u00e0 stimuler notre croissance en synergisant toutes nos fonctions ext\u00e9rieures. En centralisant le contr\u00f4le des prix, du produit et de l\u2019exp\u00e9rience client, nous acc\u00e9l\u00e9rerons nos progr\u00e8s, favorisant une approche simplifi\u00e9e et unifi\u00e9e qui alimente notre succ\u00e8s collectif \u00bb, a d\u00e9clar\u00e9 Fahey.<\/span><\/span><\/span><\/p>\n\n<p><span class=\"TextRun SCXW106025837 BCX0\" lang=\"EN-US\" xml_lang=\"EN-US\" data-contrast=\"auto\"><span class=\"NormalTextRun SCXW106025837 BCX0\">Fahey <\/span><span class=\"NormalTextRun SCXW106025837 BCX0\">est un<\/span><span class=\"NormalTextRun SCXW106025837 BCX0\"> leader <span class=\"NormalTextRun SCXW106025837 BCX0\"> commercial chevronn\u00e9 <\/span><span class=\"NormalTextRun SCXW106025837 BCX0\">dans les entreprises technologiques, notamment <\/span><span class=\"NormalTextRun SCXW106025837 BCX0\">sur le march\u00e9 mondial de la main-d\u2019\u0153uvre temporaire et des<\/span> <span class=\"NormalTextRun SCXW106025837 BCX0\">entrepreneurs. H<\/span><\/span><span class=\"NormalTextRun SCXW106025837 BCX0\"><span class=\"NormalTextRun SCXW106025837 BCX0\">Dirigeant le groupe Brookson au Royaume-Uni<\/span><span class=\"NormalTextRun SCXW106025837 BCX0\">, Fahey apporte<\/span><span class=\"NormalTextRun SCXW106025837 BCX0\"> une <\/span><span class=\"NormalTextRun SCXW106025837 BCX0\">vaste exp\u00e9rience<\/span><span class=\"NormalTextRun SCXW106025837 BCX0\"> en prestation op\u00e9rationnelle, conseil technique et gestion commerciale,<\/span> <span class=\"NormalTextRun SCXW106025837 BCX0\">offrant<\/span><span class=\"NormalTextRun SCXW106025837 BCX0\"> un leadership strat\u00e9gique complet dans le d\u00e9veloppement de produits et services pour <\/span><span class=\"NormalTextRun SCXW106025837 BCX0\">le <\/span><span class=\"NormalTextRun SCXW106025837 BCX0\">march\u00e9<\/span> <span class=\"NormalTextRun SCXW106025837 BCX0\">mondial des talents<\/span><span class=\"NormalTextRun SCXW106025837 BCX0\">.<\/span><\/span><\/span><span class=\"EOP SCXW106025837 BCX0\" data-ccp-props=\"{}\"> <\/span><\/p>\n\n<p><span class=\"TextRun SCXW131146374 BCX0\" lang=\"EN-US\" xml_lang=\"EN-US\" data-contrast=\"auto\"><span class=\"NormalTextRun SCXW131146374 BCX0\">\u00ab Avec deux d\u00e9cennies de d\u00e9vouement au march\u00e9 des talents, j\u2019ai perfectionn\u00e9 mes comp\u00e9tences dans le d\u00e9veloppement de produits et services pour autonomiser tant les entreprises que les<\/span> <span class=\"NormalTextRun SCXW131146374 BCX0\">particuliers \u00bb, a-t-il d\u00e9clar\u00e9. \u00ab<\/span> <span class=\"NormalTextRun SCXW131146374 BCX0\">Mon exp\u00e9rience dans la cr\u00e9ation d\u2019\u00e9quipes de vente, le lancement <\/span><span class=\"NormalTextRun SCXW131146374 BCX0\">de nouvelles marques<\/span> <span class=\"NormalTextRun SCXW131146374 BCX0\">et la promotion de l\u2019innovation m\u2019a pr\u00e9par\u00e9 \u00e0 ce nouveau chapitre passionnant. <\/span><span class=\"NormalTextRun SCXW131146374 BCX0\">Alors que nous regardons vers l\u2019avenir, je suis impatient de canaliser ces connaissances et cette <\/span><span class=\"NormalTextRun SCXW131146374 BCX0\">expertise<\/span><span class=\"NormalTextRun SCXW131146374 BCX0\"> pour <\/span><span class=\"NormalTextRun SCXW131146374 BCX0\">\u00e9tablir<\/span><span class=\"NormalTextRun SCXW131146374 BCX0\"> notre entreprise comme le leader incontest\u00e9 de l\u2019opinion mondiale dans notre industrie, inspirant <\/span><span class=\"NormalTextRun SCXW131146374 BCX0\">croissance<\/span><span class=\"NormalTextRun SCXW131146374 BCX0\"> et succ\u00e8s pour tous ceux que nous servons.<\/span> \u00bb<\/span><span class=\"EOP SCXW131146374 BCX0\" data-ccp-props=\"{}\"> <\/span><\/p>\n\n<p><span class=\"TextRun SCXW4614597 BCX0\" lang=\"EN-US\" xml_lang=\"EN-US\" data-contrast=\"auto\"><span class=\"NormalTextRun SCXW4614597 BCX0\">Tout au long de sa carri\u00e8re, <\/span><span class=\"NormalTextRun SCXW4614597 BCX0\">Fahey<\/span><span class=\"NormalTextRun SCXW4614597 BCX0\"> a constamment g\u00e9n\u00e9r\u00e9 de la valeur et de la rentabilit\u00e9 pour les actionnaires gr\u00e2ce \u00e0 des strat\u00e9gies organiques et d\u2019acquisition. <\/span><span class=\"NormalTextRun SCXW4614597 BCX0\">Dans son nouveau r\u00f4le, <\/span><span class=\"NormalTextRun SCXW4614597 BCX0\">il<\/span><span class=\"NormalTextRun SCXW4614597 BCX0\"> s\u2019engage \u00e0<\/span> <span class=\"NormalTextRun SCXW4614597 BCX0\">cultiver<\/span> <span class=\"NormalTextRun SCXW4614597 BCX0\">une culture d\u2019innovation et de collaboration<\/span> <span class=\"NormalTextRun SCXW4614597 BCX0\">tout en<\/span><span class=\"NormalTextRun SCXW4614597 BCX0\"> stimulant la croissance.<\/span><\/span><span class=\"EOP SCXW4614597 BCX0\" data-ccp-props=\"{}\"> <\/span><\/p>\n\n<p><span class=\"TextRun SCXW222378221 BCX0\" lang=\"EN-US\" xml_lang=\"EN-US\" data-contrast=\"auto\"><span class=\"NormalTextRun SCXW222378221 BCX0\">\u00ab Au fil des ans, notre qu\u00eate incessante de croissance nous a amen\u00e9s \u00e0 d\u00e9velopper notre entreprise de fa\u00e7on organique et par des acquisitions strat\u00e9giques. Ce faisant, nous avons cultiv\u00e9 une richesse in\u00e9gal\u00e9e de comp\u00e9tences, d\u2019expertise <\/span><span class=\"NormalTextRun SCXW222378221 BCX0\"><span class=\"NormalTextRun SCXW222378221 BCX0\">et d\u2019exp\u00e9rience parmi nos mbassadores internes <\/span><span class=\"NormalTextRun SCXW222378221 BCX0\"><span class=\"NormalTextRun SCXW222378221 BCX0\"><span class=\"NormalTextRun SCXW222378221 BCX0\">d\u00e9vou\u00e9s \u00bb, <\/span><span class=\"NormalTextRun SCXW222378221 BCX0\">a d\u00e9clar\u00e9<\/span> <span class=\"NormalTextRun SCXW222378221 BCX0\">Fahey<\/span><span class=\"NormalTextRun SCXW222378221 BCX0\">. \u00ab<\/span> <span class=\"NormalTextRun SCXW222378221 BCX0\">Maintenant, nous sommes pr\u00eats \u00e0 canaliser cette \u00e9nergie collective pour forger une culture d\u2019entreprise forte, affiner notre exp\u00e9rience de service et b\u00e2tir une organisation qui nous remplit tous d\u2019une immense fiert\u00e9. Ensemble, nous fa\u00e7onnerons un h\u00e9ritage remarquable et inspirerons le monde qui nous entoure.<\/span> \u00bb<\/span><\/span><\/span><\/span><span class=\"EOP SCXW222378221 BCX0\" data-ccp-props=\"{}\"> <\/span><\/p>\n\n<p><span class=\"TextRun SCXW161466482 BCX0\" lang=\"EN-US\" xml_lang=\"EN-US\" data-contrast=\"auto\"><span class=\"NormalTextRun SCXW161466482 BCX0\">Pat McCall, ancienne directrice mondiale de People2.0, a pleinement appuy\u00e9<\/span> <span class=\"NormalTextRun SCXW161466482 BCX0\">la nomination de Fahey : \u00ab D\u00e8s le moment o\u00f9 nous avons rencontr\u00e9 Andrew lors du processus d\u2019acquisition du groupe Brookson, il \u00e9tait clair que nous avions d\u00e9couvert un cadre exceptionnel \u2014 quelqu\u2019un capable de v\u00e9ritablement \u00e9lever notre \u00e9quipe mondiale \u00e0 des sommets in\u00e9gal\u00e9s. Alors que je passe le flambeau \u00e0 Andrew et que je continue de soutenir People2.0 en tant que client dans ma nouvelle entreprise, j\u2019attends avec impatience les avanc\u00e9es strat\u00e9giques remarquables et la croissance qu\u2019Andrew orchestrera sans aucun doute. L\u2019avenir s\u2019annonce prometteur, et je suis convaincu que l\u2019infrastructure mondiale d\u2019engagement des talents de People2.0 prosp\u00e9rera sous sa direction.<\/span> \u00bb <\/span><\/p>\n","protected":false},"excerpt":{"rendered":"<p>King of Prussia, PA \u2013 15 mai 2023 \u2013 People2.0, le plus grand employeur de r\u00e9f\u00e9rence (EOR) et fournisseur mondial de services d\u2019agent de r\u00e9f\u00e9rence (AOR), a annonc\u00e9 aujourd\u2019hui un changement cl\u00e9 de direction. Andrew Fahey, estim\u00e9 PDG du Brookson Group (une entreprise People2.0), passera au poste de directeur commercial mondial. Dans son nouveau r\u00f4le, Fahey supervisera la strat\u00e9gie commerciale de l\u2019entreprise, incluant les ventes, le marketing, les produits, la tarification et les partenariats strat\u00e9giques. Cette transition favorisera l\u2019int\u00e9gration fluide de Brookson avec People2.0.     <\/p>\n","protected":false},"author":3,"featured_media":27453,"parent":0,"comment_status":"closed","ping_status":"closed","template":"","format":"standard","meta":{"_acf_changed":false,"content-type":"","footnotes":""},"categories":[1175,1179],"tags":[],"class_list":["post-28828","company-news","type-company-news","status-publish","format-standard","has-post-thumbnail","hentry","category-multisite-location-fr-ca","category-all-global-fr-ca"],"acf":[],"yoast_head":"<!-- This site is optimized with the Yoast SEO plugin v27.4 - https:\/\/yoast.com\/product\/yoast-seo-wordpress\/ -->\n<title>People2.0 annonce Andrew Fahey comme chef de la soci\u00e9t\u00e9 mondiale &#8211; People2.0 | Global<\/title>\n<meta name=\"description\" content=\"Fahey passe de PDG du groupe Brookson et directeur marketing mondial de People2.0 au r\u00f4le central de chef de la direction mondiale chez People2.0\" \/>\n<meta name=\"robots\" content=\"index, follow, max-snippet:-1, max-image-preview:large, max-video-preview:-1\" \/>\n<link rel=\"canonical\" href=\"https:\/\/www.people20.com\/fr-ca\/company-news\/people2-0-announces-andrew-fahey-as-global-cco-2\/\" \/>\n<meta property=\"og:locale\" content=\"fr_CA\" \/>\n<meta property=\"og:type\" content=\"article\" \/>\n<meta property=\"og:title\" content=\"People2.0 annonce Andrew Fahey comme chef de la soci\u00e9t\u00e9 mondiale &#8211; People2.0 | Global\" \/>\n<meta property=\"og:description\" content=\"Fahey passe de PDG du groupe Brookson et directeur marketing mondial de People2.0 au r\u00f4le central de chef de la direction mondiale chez People2.0\" \/>\n<meta property=\"og:url\" content=\"https:\/\/www.people20.com\/fr-ca\/company-news\/people2-0-announces-andrew-fahey-as-global-cco-2\/\" \/>\n<meta property=\"og:site_name\" content=\"People2.0 | Global\" \/>\n<meta property=\"article:modified_time\" content=\"2025-10-02T20:53:25+00:00\" \/>\n<meta property=\"og:image\" content=\"https:\/\/www.people20.com\/wp-content\/uploads\/2025\/09\/default-featured-blog-image-e1759425826602.png\" \/>\n\t<meta property=\"og:image:width\" content=\"1000\" \/>\n\t<meta property=\"og:image:height\" content=\"675\" \/>\n\t<meta property=\"og:image:type\" content=\"image\/png\" \/>\n<meta name=\"twitter:card\" content=\"summary_large_image\" \/>\n<meta name=\"twitter:label1\" content=\"Temps estim\u00e9 \u00e0 la lecture \" \/>\n\t<meta name=\"twitter:data1\" content=\"3 minute\" \/>\n<!-- \/ Yoast SEO plugin. -->","yoast_head_json":{"title":"People2.0 annonce Andrew Fahey comme chef de la soci\u00e9t\u00e9 mondiale &#8211; People2.0 | Global","description":"Fahey passe de PDG du groupe Brookson et directeur marketing mondial de People2.0 au r\u00f4le central de chef de la direction mondiale chez People2.0","robots":{"index":"index","follow":"follow","max-snippet":"max-snippet:-1","max-image-preview":"max-image-preview:large","max-video-preview":"max-video-preview:-1"},"canonical":"https:\/\/www.people20.com\/fr-ca\/company-news\/people2-0-announces-andrew-fahey-as-global-cco-2\/","og_locale":"fr_CA","og_type":"article","og_title":"People2.0 annonce Andrew Fahey comme chef de la soci\u00e9t\u00e9 mondiale &#8211; People2.0 | Global","og_description":"Fahey passe de PDG du groupe Brookson et directeur marketing mondial de People2.0 au r\u00f4le central de chef de la direction mondiale chez People2.0","og_url":"https:\/\/www.people20.com\/fr-ca\/company-news\/people2-0-announces-andrew-fahey-as-global-cco-2\/","og_site_name":"People2.0 | Global","article_modified_time":"2025-10-02T20:53:25+00:00","og_image":[{"width":1000,"height":675,"url":"https:\/\/www.people20.com\/wp-content\/uploads\/2025\/09\/default-featured-blog-image-e1759425826602.png","type":"image\/png"}],"twitter_card":"summary_large_image","twitter_misc":{"Temps estim\u00e9 \u00e0 la lecture ":"3 minute"},"schema":{"@context":"https:\/\/schema.org","@graph":[{"@type":"WebPage","@id":"https:\/\/www.people20.com\/fr-ca\/company-news\/people2-0-announces-andrew-fahey-as-global-cco-2\/","url":"https:\/\/www.people20.com\/fr-ca\/company-news\/people2-0-announces-andrew-fahey-as-global-cco-2\/","name":"People2.0 annonce Andrew Fahey comme chef de la soci\u00e9t\u00e9 mondiale &#8211; People2.0 | Global","isPartOf":{"@id":"https:\/\/www.people20.com\/fr-ca\/#website"},"primaryImageOfPage":{"@id":"https:\/\/www.people20.com\/fr-ca\/company-news\/people2-0-announces-andrew-fahey-as-global-cco-2\/#primaryimage"},"image":{"@id":"https:\/\/www.people20.com\/fr-ca\/company-news\/people2-0-announces-andrew-fahey-as-global-cco-2\/#primaryimage"},"thumbnailUrl":"https:\/\/www.people20.com\/wp-content\/uploads\/2025\/09\/default-featured-blog-image-e1759425826602.png","datePublished":"2023-05-19T20:37:00+00:00","dateModified":"2025-10-02T20:53:25+00:00","description":"Fahey passe de PDG du groupe Brookson et directeur marketing mondial de People2.0 au r\u00f4le central de chef de la direction mondiale chez People2.0","breadcrumb":{"@id":"https:\/\/www.people20.com\/fr-ca\/company-news\/people2-0-announces-andrew-fahey-as-global-cco-2\/#breadcrumb"},"inLanguage":"fr-CA","potentialAction":[{"@type":"ReadAction","target":["https:\/\/www.people20.com\/fr-ca\/company-news\/people2-0-announces-andrew-fahey-as-global-cco-2\/"]}]},{"@type":"ImageObject","inLanguage":"fr-CA","@id":"https:\/\/www.people20.com\/fr-ca\/company-news\/people2-0-announces-andrew-fahey-as-global-cco-2\/#primaryimage","url":"https:\/\/www.people20.com\/wp-content\/uploads\/2025\/09\/default-featured-blog-image-e1759425826602.png","contentUrl":"https:\/\/www.people20.com\/wp-content\/uploads\/2025\/09\/default-featured-blog-image-e1759425826602.png","width":1000,"height":675},{"@type":"BreadcrumbList","@id":"https:\/\/www.people20.com\/fr-ca\/company-news\/people2-0-announces-andrew-fahey-as-global-cco-2\/#breadcrumb","itemListElement":[{"@type":"ListItem","position":1,"name":"Home","item":"https:\/\/www.people20.com\/fr-ca\/home\/"},{"@type":"ListItem","position":2,"name":"Nouvelles","item":"https:\/\/www.people20.com\/fr-ca\/news-archive\/"},{"@type":"ListItem","position":3,"name":"People2.0 annonce Andrew Fahey comme chef de la soci\u00e9t\u00e9 mondiale"}]},{"@type":"WebSite","@id":"https:\/\/www.people20.com\/fr-ca\/#website","url":"https:\/\/www.people20.com\/fr-ca\/","name":"People2.0 | Global","description":"Global employment, simplified.","publisher":{"@id":"https:\/\/www.people20.com\/fr-ca\/#organization"},"potentialAction":[{"@type":"SearchAction","target":{"@type":"EntryPoint","urlTemplate":"https:\/\/www.people20.com\/fr-ca\/?s={search_term_string}"},"query-input":{"@type":"PropertyValueSpecification","valueRequired":true,"valueName":"search_term_string"}}],"inLanguage":"fr-CA"},{"@type":"Organization","@id":"https:\/\/www.people20.com\/fr-ca\/#organization","name":"People2.0 | Global","url":"https:\/\/www.people20.com\/fr-ca\/","logo":{"@type":"ImageObject","inLanguage":"fr-CA","@id":"https:\/\/www.people20.com\/fr-ca\/#\/schema\/logo\/image\/","url":"https:\/\/www.people20.com\/wp-content\/uploads\/2025\/05\/people20-logo.svg","contentUrl":"https:\/\/www.people20.com\/wp-content\/uploads\/2025\/05\/people20-logo.svg","caption":"People2.0 | Global"},"image":{"@id":"https:\/\/www.people20.com\/fr-ca\/#\/schema\/logo\/image\/"}}]}},"_links":{"self":[{"href":"https:\/\/www.people20.com\/fr-ca\/wp-json\/wp\/v2\/news\/28828","targetHints":{"allow":["GET"]}}],"collection":[{"href":"https:\/\/www.people20.com\/fr-ca\/wp-json\/wp\/v2\/news"}],"about":[{"href":"https:\/\/www.people20.com\/fr-ca\/wp-json\/wp\/v2\/types\/company-news"}],"author":[{"embeddable":true,"href":"https:\/\/www.people20.com\/fr-ca\/wp-json\/wp\/v2\/users\/3"}],"replies":[{"embeddable":true,"href":"https:\/\/www.people20.com\/fr-ca\/wp-json\/wp\/v2\/comments?post=28828"}],"version-history":[{"count":1,"href":"https:\/\/www.people20.com\/fr-ca\/wp-json\/wp\/v2\/news\/28828\/revisions"}],"predecessor-version":[{"id":28830,"href":"https:\/\/www.people20.com\/fr-ca\/wp-json\/wp\/v2\/news\/28828\/revisions\/28830"}],"wp:featuredmedia":[{"embeddable":true,"href":"https:\/\/www.people20.com\/fr-ca\/wp-json\/wp\/v2\/media\/27453"}],"wp:attachment":[{"href":"https:\/\/www.people20.com\/fr-ca\/wp-json\/wp\/v2\/media?parent=28828"}],"wp:term":[{"taxonomy":"category","embeddable":true,"href":"https:\/\/www.people20.com\/fr-ca\/wp-json\/wp\/v2\/categories?post=28828"},{"taxonomy":"post_tag","embeddable":true,"href":"https:\/\/www.people20.com\/fr-ca\/wp-json\/wp\/v2\/tags?post=28828"}],"curies":[{"name":"wp","href":"https:\/\/api.w.org\/{rel}","templated":true}]}}