{"id":46789,"date":"2026-09-01T05:13:43","date_gmt":"2026-09-01T09:13:43","guid":{"rendered":"https:\/\/www.people20.com\/?p=46789"},"modified":"2026-09-01T05:14:38","modified_gmt":"2026-09-01T09:14:38","slug":"legislative-update-new-zealand-replaces-holidays-act-to-simplify-leave-calculations","status":"publish","type":"post","link":"https:\/\/www.people20.com\/es\/blog\/legislative-update-new-zealand-replaces-holidays-act-to-simplify-leave-calculations\/","title":{"rendered":"Actualizaci\u00f3n legislativa: Nueva Zelanda sustituye la Ley de D\u00edas Festivos para simplificar el c\u00e1lculo de las vacaciones"},"content":{"rendered":"\n<h3 class=\"wp-block-heading\">Qu\u00e9 supone la Ley de Permisos Laborales de 2026 para las empresas con operaciones en Nueva Zelanda  <\/h3>\n\n<p class=\"wp-block-paragraph\"><a id=\"_msocom_1\"><\/a><a id=\"_msocom_2\"><\/a>Nueva Zelanda ha aprobado uno de los mayores cambios en su legislaci\u00f3n sobre permisos laborales en m\u00e1s de dos d\u00e9cadas. La Ley de Permisos Laborales de 2026 sustituir\u00e1 a la Ley de Vacaciones de 2003, modificando la forma en que se acumulan, se controlan y se abonan las vacaciones anuales, las bajas por enfermedad, los d\u00edas festivos y otros derechos de permiso.   <\/p>\n\n<p class=\"wp-block-paragraph\">El proyecto de ley super\u00f3 su tercera y \u00faltima lectura en el Parlamento el 29 de julio de 2026 y recibi\u00f3 la sanci\u00f3n real el 6 de agosto de 2026. Si tu empresa tiene empleados que trabajan en Nueva Zelanda, a continuaci\u00f3n te explicamos qu\u00e9 ha cambiado, por qu\u00e9 ha cambiado y qu\u00e9 puedes hacer ahora para prepararte.   <\/p>\n\n<h3 class=\"wp-block-heading\">Por qu\u00e9 Nueva Zelanda est\u00e1 llevando a cabo este cambio  <\/h3>\n\n<p class=\"wp-block-paragraph\">La Ley de Vacaciones de 2003 se elabor\u00f3 pensando en un empleado bastante t\u00edpico: alguien que trabaja un horario fijo y asalariado, de lunes a viernes. Ese modelo no refleja <a href=\"https:\/\/www.mbie.govt.nz\/business-and-employment\/employment-and-skills\/employment-legislation-reviews\/holidays-act-reform-employment-leave-act\" target=\"_blank\" rel=\"noopener\">c\u00f3mo trabaja realmente la poblaci\u00f3n activa de Nueva Zelanda en la actualidad<\/a>, que incluye a empleados ocasionales, a tiempo parcial, trabajadores por turnos y personas con horarios que var\u00edan de una semana a otra.   <\/p>\n\n<p class=\"wp-block-paragraph\">Esa falta de correspondencia gener\u00f3 problemas reales. Los c\u00e1lculos de las prestaciones por permiso, seg\u00fan la antigua ley, sol\u00edan ser poco claros, y las empresas, incluidas las grandes entidades del sector p\u00fablico, ten\u00edan dificultades para aplicarlos correctamente. El resultado fue <a href=\"https:\/\/jobseek.nz\/EmploymentNews\/employment-leave-act-nz-2026\" target=\"_blank\" rel=\"noopener\">un pago insuficiente generalizado<\/a> de las prestaciones por permiso y costosas medidas correctoras tanto en el sector p\u00fablico como en el privado.    <\/p>\n\n<p class=\"wp-block-paragraph\">El objetivo del Gobierno con la nueva ley es claro: crear un sistema de permisos que sea <a href=\"https:\/\/www.beehive.govt.nz\/release\/holidays-act-headache-finally-over-leave-reform-delivered\" target=\"_blank\" rel=\"noopener\">m\u00e1s sencillo de calcular y que inspire mayor confianza<\/a> tanto a los empresarios como a los trabajadores. El eje central de esa simplificaci\u00f3n es el paso de un modelo basado en semanas y d\u00edas a uno basado en horas.   <\/p>\n\n<h3 class=\"wp-block-heading\">Resumen de los cambios m\u00e1s importantes  <\/h3>\n\n<figure class=\"wp-block-table\"><table class=\"has-fixed-layout\"><tbody><tr><td><strong>Cambiar<\/strong> <\/td><td><strong>Sistema actual (Ley de d\u00edas festivos de 2003)<\/strong> <\/td><td><strong>Nuevo sistema (Ley de Permisos Laborales de 2026)<\/strong> <\/td><\/tr><tr><td>Vacaciones anuales  <\/td><td>Cuatro semanas tras haber completado 12 meses de servicio ininterrumpido  <\/td><td>Se acumula por horas desde el primer d\u00eda de trabajo del empleado  <\/td><\/tr><tr><td>Baja por enfermedad  <\/td><td>Se devenga tras un per\u00edodo de carencia  <\/td><td>Se acumula desde el primer d\u00eda de trabajo del empleado  <\/td><\/tr><tr><td>Permiso por fallecimiento y por violencia dom\u00e9stica  <\/td><td>Disponible tras un periodo de carencia  <\/td><td>Disponible desde el primer d\u00eda de trabajo del empleado  <\/td><\/tr><tr><td>D\u00edas festivos y pagos por vacaciones  <\/td><td>Calculado utilizando las f\u00f3rmulas de remuneraci\u00f3n diaria vigentes  <\/td><td>Nuevos m\u00e9todos de c\u00e1lculo basados en horas  <\/td><\/tr><\/tbody><\/table><\/figure>\n\n<h3 class=\"wp-block-heading\">Qu\u00e9 est\u00e1 cambiando, en t\u00e9rminos sencillos  <\/h3>\n\n<p class=\"wp-block-paragraph\"><strong>Las vacaciones comienzan ahora mismo, desde el primer d\u00eda.<\/strong>  Seg\u00fan la legislaci\u00f3n vigente, los trabajadores suelen tener que cumplir un per\u00edodo m\u00ednimo de antig\u00fcedad en el empleo antes de poder disfrutar de determinados tipos de permisos. En virtud de la nueva ley, las vacaciones anuales, la baja por enfermedad, el permiso por fallecimiento de un familiar y el permiso por violencia dom\u00e9stica comienzan a acumularse desde el primer d\u00eda de trabajo del empleado.   <\/p>\n\n<p class=\"wp-block-paragraph\"><strong>Las vacaciones se calculan en horas, no en semanas.<\/strong>  Las vacaciones anuales ya no consistir\u00e1n en un derecho fijo de cuatro semanas que se acumula tras un a\u00f1o de trabajo. En su lugar, se acumular\u00e1n hora a hora, en funci\u00f3n de las horas que el empleado trabaje realmente. El objetivo es reflejar mejor los horarios a tiempo parcial, los de trabajo espor\u00e1dico y los de horario variable, que la antigua ley nunca regulaba adecuadamente.    <\/p>\n\n<p class=\"wp-block-paragraph\"><strong>Se establecen nuevas f\u00f3rmulas para el c\u00e1lculo de los d\u00edas festivos y las prestaciones por vacaciones.<\/strong>  La ley introduce nuevos m\u00e9todos para calcular las bajas alternativas y las prestaciones por baja, con el objetivo de que sean m\u00e1s coherentes y f\u00e1ciles de aplicar que las f\u00f3rmulas actuales.  <\/p>\n\n<h3 class=\"wp-block-heading\">Fechas clave y calendario de la transici\u00f3n  <\/h3>\n\n<ul class=\"wp-block-list\">\n<li><strong>6 de agosto de 2026:<\/strong> La Ley de Permisos Laborales de 2026 recibi\u00f3 la sanci\u00f3n real.  <\/li>\n<\/ul>\n\n<ul class=\"wp-block-list\">\n<li><strong>6 de agosto de 2028:<\/strong> La Ley entra en vigor y sustituye a la Ley de D\u00edas Festivos de 2003. Hasta esa fecha, la Ley de D\u00edas Festivos de 2003 seguir\u00e1 vigente, y las empresas no podr\u00e1n aplicar las nuevas normas antes de tiempo.   <\/li>\n<\/ul>\n\n<ul class=\"wp-block-list\">\n<li><strong>6 de agosto de 2029:<\/strong> Los contratos de trabajo deben actualizarse antes de esta fecha para reflejar la nueva ley. Esto concede a las empresas un plazo de un a\u00f1o a partir de la entrada en vigor para adaptar los contratos.   <\/li>\n<\/ul>\n\n<p class=\"wp-block-paragraph\">En resumen, dispon\u00e9is de un plazo de dos a\u00f1os antes de que entren en vigor las nuevas normas, m\u00e1s un a\u00f1o adicional para actualizar los contratos de trabajo. Se trata de un plazo de tiempo considerable para planificar con calma, en lugar de tener que actuar a toda prisa.   <\/p>\n\n<h3 class=\"wp-block-heading\">Qu\u00e9 significa esto para su empresa  <\/h3>\n\n<p class=\"wp-block-paragraph\"><strong>Sistemas de n\u00f3minas y gesti\u00f3n de bajas.<\/strong>  El paso al c\u00e1lculo por horas supone un cambio significativo en el c\u00e1lculo de las n\u00f3minas, especialmente para las empresas con empleados con horarios variables o espor\u00e1dicos. Los sistemas que actualmente calculan las vacaciones en d\u00edas o semanas deber\u00e1n reconfigurarse para contabilizar y calcular las vacaciones en horas.   <\/p>\n\n<p class=\"wp-block-paragraph\"><strong>Contratos de trabajo y normas de trabajo.<\/strong>  Los contratos, las pol\u00edticas y los manuales que hagan referencia a los derechos de vacaciones vigentes, como el modelo de cuatro semanas de vacaciones anuales o los per\u00edodos de carencia existentes, deber\u00e1n revisarse y actualizarse para reflejar el nuevo marco.  <\/p>\n\n<p class=\"wp-block-paragraph\"><strong>Gesti\u00f3n de registros y cumplimiento normativo.<\/strong>  Se prev\u00e9 que la nueva ley traiga consigo nuevas exigencias en cuanto al registro de las horas trabajadas, las bajas disfrutadas y el pago de las prestaciones por baja. Las empresas deben prepararse para unos requisitos de registro m\u00e1s detallados que los establecidos en la ley actual.   <\/p>\n\n<p class=\"wp-block-paragraph\"><strong>Nota sobre los trabajadores temporales: Estos <\/strong>cambios afectan a la forma en que se acumulan y se abonan las vacaciones de los trabajadores, incluidos los trabajadores temporales y los trabajadores cedidos por agencias. Ninguna disposici\u00f3n de esta reforma modifica la naturaleza del trabajo temporal; simplemente cambia la forma en que se calculan y gestionan los derechos de vacaciones de los trabajadores que cumplen los requisitos para disfrutarlos.   <\/p>\n\n<h3 class=\"wp-block-heading\">C\u00f3mo prepararse ahora  <\/h3>\n\n<p class=\"wp-block-paragraph\">No es necesario que hagas nada de inmediato, pero las empresas que superen esta transici\u00f3n sin problemas ser\u00e1n aquellas que empiecen pronto. Plant\u00e9ate seguir estos pasos durante los pr\u00f3ximos dos a\u00f1os:   <\/p>\n\n<ul class=\"wp-block-list\">\n<li><strong>Habla con tu proveedor de servicios de n\u00f3minas.<\/strong>  Pregunta c\u00f3mo y cu\u00e1ndo tienen previsto actualizar sus sistemas para permitir la acumulaci\u00f3n de permisos por horas, y c\u00f3mo se llevar\u00e1 a cabo la transici\u00f3n en tu cuenta.  <\/li>\n<\/ul>\n\n<ul class=\"wp-block-list\">\n<li><strong>Revisa tus procesos de gesti\u00f3n del tiempo y la asistencia.<\/strong>  Dado que a partir de ahora las vacaciones se calcular\u00e1n en horas, el control preciso de las horas, incluso en lo que respecta a la elaboraci\u00f3n de turnos y a los horarios variables, cobra m\u00e1s importancia que nunca.  <\/li>\n<\/ul>\n\n<ul class=\"wp-block-list\">\n<li><strong>Comprueba tus saldos actuales de d\u00edas de vacaciones.<\/strong>  Si existen errores o incoherencias en el c\u00e1lculo de las vacaciones con arreglo a la Ley de Vacaciones de 2003, subsanarlos ahora facilitar\u00e1 considerablemente la transici\u00f3n al nuevo sistema.  <\/li>\n<\/ul>\n\n<ul class=\"wp-block-list\">\n<li><strong>Revisar las pol\u00edticas relacionadas con las bajas.<\/strong>  Esto incluye los periodos de cierre anual, las disposiciones relativas a los permisos por violencia dom\u00e9stica y cualquier tr\u00e1mite relacionado con los traslados de empleados.  <\/li>\n<\/ul>\n\n<ul class=\"wp-block-list\">\n<li><strong>Elabora un plan de transici\u00f3n.<\/strong>  Aprovecha este plazo de dos a\u00f1os para planificar cu\u00e1ndo actualizar\u00e1s los sistemas, los contratos y las pol\u00edticas, en lugar de dejarlo todo para m\u00e1s cerca de 2028.  <\/li>\n<\/ul>\n\n<h3 class=\"wp-block-heading\">Navegar juntos por el cumplimiento de la normativa<\/h3>\n\n<p class=\"wp-block-paragraph\">Mantenernos al d\u00eda de novedades como esta en los pa\u00edses donde operan nuestros socios es fundamental para nuestra labor, y a medida que se publiquen m\u00e1s directrices de cara a la fecha de entrada en vigor de 2028, seguiremos de cerca la evoluci\u00f3n para que pod\u00e1is planificar con confianza y sin incertidumbre.  <\/p>\n\n<p class=\"wp-block-paragraph\">Tanto si ya colaboras con nosotros como si est\u00e1s valorando c\u00f3mo un socio como People2.0 podr\u00eda aliviar tu carga de trabajo, estaremos encantados de explicarte c\u00f3mo la Ley de Permisos Laborales de 2026 podr\u00eda afectar a tu plantilla en Nueva Zelanda. <a href=\"https:\/\/www.people20.com\/es\/contact-us\/\" data-type=\"page\" data-id=\"3580\">Ponte en contacto con nosotros<\/a> para iniciar la conversaci\u00f3n.  <\/p>\n\n<div class=\"wp-block-buttons is-layout-flex wp-block-buttons-is-layout-flex\">\n<div class=\"wp-block-button\"><a class=\"wp-block-button__link has-black-color has-luminous-vivid-amber-background-color has-text-color has-background has-link-color wp-element-button\" href=\"https:\/\/www.people20.com\/es\/contact-us\/\"><strong>Comience hoy<\/strong><\/a><\/div>\n<\/div>\n\n<div style=\"height:10px\" aria-hidden=\"true\" class=\"wp-block-spacer\"><\/div>\n","protected":false},"excerpt":{"rendered":"<p>La Ley de Permisos Laborales de Nueva Zelanda de 2026 sustituye a la obsoleta Ley de Vacaciones por un sistema de permisos basado en horas. Su entrada en vigor est\u00e1 prevista para el 6 de agosto de 2028. Las empresas disponen de tiempo para preparar la n\u00f3mina, los convenios y las pol\u00edticas antes de esa fecha.    <\/p>\n","protected":false},"author":4,"featured_media":46802,"comment_status":"open","ping_status":"open","sticky":false,"template":"","format":"standard","meta":{"_acf_changed":false,"content-type":"","footnotes":""},"categories":[1160,1913,1969,1985,1930],"tags":[2056,1368,2058,2055,2059,2057],"class_list":["post-46789","post","type-post","status-publish","format-standard","has-post-thumbnail","hentry","category-blog-es","category-clasificacion-de-la-mano-de-obra","category-cumplimiento-de-la-normativa-sobre-personal-eventual","category-mitigar-los-riesgos-de-cumplimiento","category-nuestros-servicios","tag-acumulacion-de-vacaciones-por-horas","tag-workforce-compliance-es","tag-cumplimiento-de-la-normativa-sobre-nominas-en-nueva-zelanda","tag-ley-de-permisos-laborales-de-nueva-zelanda-de-2026","tag-reforma-de-las-vacaciones-anuales","tag-sustitucion-de-la-ley-de-vacaciones"],"acf":[],"yoast_head":"<!-- This site is optimized with the Yoast SEO plugin v28.3 - https:\/\/yoast.com\/product\/yoast-seo-wordpress\/ -->\n<title>C\u00f3mo gestionar el riesgo de cumplimiento normativo cuando los trabajadores temporales se trasladan a otra localidad<\/title>\n<meta name=\"description\" content=\"La Ley de Permisos Laborales de Nueva Zelanda de 2026 sustituye a la Ley de Vacaciones. A continuaci\u00f3n te explicamos por qu\u00e9, qu\u00e9 cambios conlleva y c\u00f3mo prepararte antes de 2028.\" \/>\n<meta name=\"robots\" content=\"index, follow, max-snippet:-1, max-image-preview:large, max-video-preview:-1\" \/>\n<link rel=\"canonical\" href=\"https:\/\/www.people20.com\/es\/blog\/legislative-update-new-zealand-replaces-holidays-act-to-simplify-leave-calculations\/\" \/>\n<meta property=\"og:locale\" content=\"es_ES\" \/>\n<meta property=\"og:type\" content=\"article\" \/>\n<meta property=\"og:title\" content=\"C\u00f3mo gestionar el riesgo de cumplimiento normativo cuando los trabajadores temporales se trasladan a otra localidad\" \/>\n<meta property=\"og:description\" content=\"La Ley de Permisos Laborales de Nueva Zelanda de 2026 sustituye a la Ley de Vacaciones. A continuaci\u00f3n te explicamos por qu\u00e9, qu\u00e9 cambios conlleva y c\u00f3mo prepararte antes de 2028.\" \/>\n<meta property=\"og:url\" content=\"https:\/\/www.people20.com\/es\/blog\/legislative-update-new-zealand-replaces-holidays-act-to-simplify-leave-calculations\/\" \/>\n<meta property=\"og:site_name\" content=\"People2.0 | Global\" \/>\n<meta property=\"article:published_time\" content=\"2026-09-01T09:13:43+00:00\" \/>\n<meta property=\"article:modified_time\" content=\"2026-09-01T09:14:38+00:00\" \/>\n<meta property=\"og:image\" content=\"https:\/\/www.people20.com\/wp-content\/uploads\/2026\/08\/P20_APAC_PALL_NZEmploymentLeave_BI_260820.png\" \/>\n\t<meta property=\"og:image:width\" content=\"1367\" \/>\n\t<meta property=\"og:image:height\" content=\"789\" \/>\n\t<meta property=\"og:image:type\" content=\"image\/png\" \/>\n<meta name=\"author\" content=\"Natasha Mota\" \/>\n<meta name=\"twitter:card\" content=\"summary_large_image\" \/>\n<meta name=\"twitter:label1\" content=\"Escrito por\" \/>\n\t<meta name=\"twitter:data1\" content=\"Natasha Mota\" \/>\n\t<meta name=\"twitter:label2\" content=\"Tiempo de lectura\" \/>\n\t<meta name=\"twitter:data2\" content=\"7 minutos\" \/>\n<!-- \/ Yoast SEO plugin. -->","yoast_head_json":{"title":"C\u00f3mo gestionar el riesgo de cumplimiento normativo cuando los trabajadores temporales se trasladan a otra localidad","description":"La Ley de Permisos Laborales de Nueva Zelanda de 2026 sustituye a la Ley de Vacaciones. A continuaci\u00f3n te explicamos por qu\u00e9, qu\u00e9 cambios conlleva y c\u00f3mo prepararte antes de 2028.","robots":{"index":"index","follow":"follow","max-snippet":"max-snippet:-1","max-image-preview":"max-image-preview:large","max-video-preview":"max-video-preview:-1"},"canonical":"https:\/\/www.people20.com\/es\/blog\/legislative-update-new-zealand-replaces-holidays-act-to-simplify-leave-calculations\/","og_locale":"es_ES","og_type":"article","og_title":"C\u00f3mo gestionar el riesgo de cumplimiento normativo cuando los trabajadores temporales se trasladan a otra localidad","og_description":"La Ley de Permisos Laborales de Nueva Zelanda de 2026 sustituye a la Ley de Vacaciones. A continuaci\u00f3n te explicamos por qu\u00e9, qu\u00e9 cambios conlleva y c\u00f3mo prepararte antes de 2028.","og_url":"https:\/\/www.people20.com\/es\/blog\/legislative-update-new-zealand-replaces-holidays-act-to-simplify-leave-calculations\/","og_site_name":"People2.0 | Global","article_published_time":"2026-09-01T09:13:43+00:00","article_modified_time":"2026-09-01T09:14:38+00:00","og_image":[{"width":1367,"height":789,"url":"https:\/\/www.people20.com\/wp-content\/uploads\/2026\/08\/P20_APAC_PALL_NZEmploymentLeave_BI_260820.png","type":"image\/png"}],"author":"Natasha Mota","twitter_card":"summary_large_image","twitter_misc":{"Escrito por":"Natasha Mota","Tiempo de lectura":"7 minutos"},"schema":{"@context":"https:\/\/schema.org","@graph":[{"@type":"Article","@id":"https:\/\/www.people20.com\/es\/blog\/legislative-update-new-zealand-replaces-holidays-act-to-simplify-leave-calculations\/#article","isPartOf":{"@id":"https:\/\/www.people20.com\/es\/blog\/legislative-update-new-zealand-replaces-holidays-act-to-simplify-leave-calculations\/"},"author":{"name":"Natasha Mota","@id":"https:\/\/www.people20.com\/es\/#\/schema\/person\/b316bc1ae35b7b91ad64441a16931e77"},"headline":"Actualizaci\u00f3n legislativa: Nueva Zelanda sustituye la Ley de D\u00edas Festivos para simplificar el c\u00e1lculo de las vacaciones","datePublished":"2026-09-01T09:13:43+00:00","dateModified":"2026-09-01T09:14:38+00:00","mainEntityOfPage":{"@id":"https:\/\/www.people20.com\/es\/blog\/legislative-update-new-zealand-replaces-holidays-act-to-simplify-leave-calculations\/"},"wordCount":1466,"commentCount":0,"publisher":{"@id":"https:\/\/www.people20.com\/es\/#organization"},"image":{"@id":"https:\/\/www.people20.com\/es\/blog\/legislative-update-new-zealand-replaces-holidays-act-to-simplify-leave-calculations\/#primaryimage"},"thumbnailUrl":"https:\/\/www.people20.com\/wp-content\/uploads\/2026\/08\/P20_APAC_PALL_NZEmploymentLeave_BI_260820.png","keywords":["acumulaci\u00f3n de vacaciones por horas","Cumplimiento de la normativa laboral","Cumplimiento de la normativa sobre n\u00f3minas en Nueva Zelanda","Ley de Permisos Laborales de Nueva Zelanda de 2026","reforma de las vacaciones anuales","Sustituci\u00f3n de la Ley de vacaciones"],"articleSection":["Blog","Clasificaci\u00f3n de la mano de obra","Cumplimiento de la normativa sobre personal eventual","Mitigar los riesgos de cumplimiento","Nuestros servicios"],"inLanguage":"es","potentialAction":[{"@type":"CommentAction","name":"Comment","target":["https:\/\/www.people20.com\/es\/blog\/legislative-update-new-zealand-replaces-holidays-act-to-simplify-leave-calculations\/#respond"]}]},{"@type":"WebPage","@id":"https:\/\/www.people20.com\/es\/blog\/legislative-update-new-zealand-replaces-holidays-act-to-simplify-leave-calculations\/","url":"https:\/\/www.people20.com\/es\/blog\/legislative-update-new-zealand-replaces-holidays-act-to-simplify-leave-calculations\/","name":"C\u00f3mo gestionar el riesgo de cumplimiento normativo cuando los trabajadores temporales se trasladan a otra localidad","isPartOf":{"@id":"https:\/\/www.people20.com\/es\/#website"},"primaryImageOfPage":{"@id":"https:\/\/www.people20.com\/es\/blog\/legislative-update-new-zealand-replaces-holidays-act-to-simplify-leave-calculations\/#primaryimage"},"image":{"@id":"https:\/\/www.people20.com\/es\/blog\/legislative-update-new-zealand-replaces-holidays-act-to-simplify-leave-calculations\/#primaryimage"},"thumbnailUrl":"https:\/\/www.people20.com\/wp-content\/uploads\/2026\/08\/P20_APAC_PALL_NZEmploymentLeave_BI_260820.png","datePublished":"2026-09-01T09:13:43+00:00","dateModified":"2026-09-01T09:14:38+00:00","description":"La Ley de Permisos Laborales de Nueva Zelanda de 2026 sustituye a la Ley de Vacaciones. A continuaci\u00f3n te explicamos por qu\u00e9, qu\u00e9 cambios conlleva y c\u00f3mo prepararte antes de 2028.","breadcrumb":{"@id":"https:\/\/www.people20.com\/es\/blog\/legislative-update-new-zealand-replaces-holidays-act-to-simplify-leave-calculations\/#breadcrumb"},"inLanguage":"es","potentialAction":[{"@type":"ReadAction","target":["https:\/\/www.people20.com\/es\/blog\/legislative-update-new-zealand-replaces-holidays-act-to-simplify-leave-calculations\/"]}]},{"@type":"ImageObject","inLanguage":"es","@id":"https:\/\/www.people20.com\/es\/blog\/legislative-update-new-zealand-replaces-holidays-act-to-simplify-leave-calculations\/#primaryimage","url":"https:\/\/www.people20.com\/wp-content\/uploads\/2026\/08\/P20_APAC_PALL_NZEmploymentLeave_BI_260820.png","contentUrl":"https:\/\/www.people20.com\/wp-content\/uploads\/2026\/08\/P20_APAC_PALL_NZEmploymentLeave_BI_260820.png","width":1367,"height":789},{"@type":"BreadcrumbList","@id":"https:\/\/www.people20.com\/es\/blog\/legislative-update-new-zealand-replaces-holidays-act-to-simplify-leave-calculations\/#breadcrumb","itemListElement":[{"@type":"ListItem","position":1,"name":"Home","item":"https:\/\/www.people20.com\/es\/home\/"},{"@type":"ListItem","position":2,"name":"Actualizaci\u00f3n legislativa: Nueva Zelanda sustituye la Ley de D\u00edas Festivos para simplificar el c\u00e1lculo de las vacaciones"}]},{"@type":"WebSite","@id":"https:\/\/www.people20.com\/es\/#website","url":"https:\/\/www.people20.com\/es\/","name":"People2.0 | Global","description":"Global employment, simplified.","publisher":{"@id":"https:\/\/www.people20.com\/es\/#organization"},"potentialAction":[{"@type":"SearchAction","target":{"@type":"EntryPoint","urlTemplate":"https:\/\/www.people20.com\/es\/?s={search_term_string}"},"query-input":{"@type":"PropertyValueSpecification","valueRequired":true,"valueName":"search_term_string"}}],"inLanguage":"es"},{"@type":"Organization","@id":"https:\/\/www.people20.com\/es\/#organization","name":"People2.0 | Global","url":"https:\/\/www.people20.com\/es\/","logo":{"@type":"ImageObject","inLanguage":"es","@id":"https:\/\/www.people20.com\/es\/#\/schema\/logo\/image\/","url":"https:\/\/www.people20.com\/wp-content\/uploads\/2025\/05\/people20-logo.svg","contentUrl":"https:\/\/www.people20.com\/wp-content\/uploads\/2025\/05\/people20-logo.svg","caption":"People2.0 | Global"},"image":{"@id":"https:\/\/www.people20.com\/es\/#\/schema\/logo\/image\/"}},{"@type":"Person","@id":"https:\/\/www.people20.com\/es\/#\/schema\/person\/b316bc1ae35b7b91ad64441a16931e77","name":"Natasha Mota","image":{"@type":"ImageObject","inLanguage":"es","@id":"https:\/\/secure.gravatar.com\/avatar\/c1dd94f27cf364fd8d7cfa6892be04ed56c0a9e7ab36979437c10e229fbac936?s=96&d=mm&r=g","url":"https:\/\/secure.gravatar.com\/avatar\/c1dd94f27cf364fd8d7cfa6892be04ed56c0a9e7ab36979437c10e229fbac936?s=96&d=mm&r=g","contentUrl":"https:\/\/secure.gravatar.com\/avatar\/c1dd94f27cf364fd8d7cfa6892be04ed56c0a9e7ab36979437c10e229fbac936?s=96&d=mm&r=g","caption":"Natasha Mota"},"sameAs":["https:\/\/www.people20.com\/"],"url":"https:\/\/www.people20.com\/es\/blog\/author\/natasha-mota\/"}]}},"_links":{"self":[{"href":"https:\/\/www.people20.com\/es\/wp-json\/wp\/v2\/posts\/46789","targetHints":{"allow":["GET"]}}],"collection":[{"href":"https:\/\/www.people20.com\/es\/wp-json\/wp\/v2\/posts"}],"about":[{"href":"https:\/\/www.people20.com\/es\/wp-json\/wp\/v2\/types\/post"}],"author":[{"embeddable":true,"href":"https:\/\/www.people20.com\/es\/wp-json\/wp\/v2\/users\/4"}],"replies":[{"embeddable":true,"href":"https:\/\/www.people20.com\/es\/wp-json\/wp\/v2\/comments?post=46789"}],"version-history":[{"count":3,"href":"https:\/\/www.people20.com\/es\/wp-json\/wp\/v2\/posts\/46789\/revisions"}],"predecessor-version":[{"id":46819,"href":"https:\/\/www.people20.com\/es\/wp-json\/wp\/v2\/posts\/46789\/revisions\/46819"}],"wp:featuredmedia":[{"embeddable":true,"href":"https:\/\/www.people20.com\/es\/wp-json\/wp\/v2\/media\/46802"}],"wp:attachment":[{"href":"https:\/\/www.people20.com\/es\/wp-json\/wp\/v2\/media?parent=46789"}],"wp:term":[{"taxonomy":"category","embeddable":true,"href":"https:\/\/www.people20.com\/es\/wp-json\/wp\/v2\/categories?post=46789"},{"taxonomy":"post_tag","embeddable":true,"href":"https:\/\/www.people20.com\/es\/wp-json\/wp\/v2\/tags?post=46789"}],"curies":[{"name":"wp","href":"https:\/\/api.w.org\/{rel}","templated":true}]}}