{"id":26120,"date":"2015-11-12T20:44:49","date_gmt":"2015-11-13T01:44:49","guid":{"rendered":"https:\/\/www.people20.com\/blog\/tendencias-del-derecho-laboral-y-flexibilidad-de-la-mano-de-obra\/"},"modified":"2026-08-13T03:36:25","modified_gmt":"2026-08-13T07:36:25","slug":"employment-law-trends-and-the-flexible-workforce","status":"publish","type":"post","link":"https:\/\/www.people20.com\/es\/blog\/employment-law-trends-and-the-flexible-workforce\/","title":{"rendered":"Tendencias del Derecho laboral y flexibilidad de la mano de obra"},"content":{"rendered":"<p>La legislaci\u00f3n laboral puede diferir mucho en los distintos niveles de gobierno, y algunas zonas progresistas como California y Nueva York suelen marcar tendencias para el resto del pa\u00eds. Los empresarios deben cumplir la legislaci\u00f3n laboral de cada estado y municipio donde tengan personas realizando un trabajo. Se ha dicho que los estados de EE.UU. son \u00ablaboratorios de la democracia\u00bb, y si una zona concreta tiene suficiente influencia, las leyes estatales y locales pueden acabar convirti\u00e9ndose en leyes federales. Por este motivo, es importante mantenerse al d\u00eda de estas tendencias aunque no se opere en un estado con una ley nueva y m\u00e1s restrictiva.   <\/p>\n<p><!--more--><\/p>\n<p class=\"font-claude-response-body break-words whitespace-normal\" dir=\"ltr\">Existe la idea err\u00f3nea de que las empresas que contratan a trabajadores temporales est\u00e1n exentas de cumplir determinadas leyes laborales. A menudo, debes cumplir las mismas leyes laborales con tus trabajadores temporales que con tu plantilla fija. Aunque hay muchas tendencias en evoluci\u00f3n en el \u00e1mbito del derecho laboral que afectan a los trabajadores flexibles, este art\u00edculo se centrar\u00e1 en algunas de las m\u00e1s importantes.  <\/p>\n<p class=\"font-claude-response-body break-words whitespace-normal\" dir=\"ltr\"><strong>Baja por enfermedad retribuida<\/strong><\/p>\n<p class=\"font-claude-response-body break-words whitespace-normal\" dir=\"ltr\">En los \u00faltimos dos a\u00f1os, muchos estados y municipios han implantado pol\u00edticas de baja por enfermedad retribuida. La intenci\u00f3n de estas leyes es garantizar que los empleados enfermos puedan ausentarse del trabajo para recuperarse y no propagar la enfermedad en el lugar de trabajo. A menudo, los empleados acuden al trabajo enfermos porque no pueden permitirse perder un d\u00eda de trabajo. Las leyes de baja por enfermedad retribuida tienen por objeto permitir a los empleados ausentarse del trabajo sin deficiencia salarial.   <\/p>\n<p class=\"font-claude-response-body break-words whitespace-normal\" dir=\"ltr\">En 2014, California puso en marcha la <em><a class=\"underline underline underline-offset-2 decoration-1 decoration-current\/40 hover:decoration-current focus:decoration-current\" href=\"http:\/\/www.dir.ca.gov\/dlse\/Paid_Sick_Leave.htm\">Ley de Lugares de Trabajo Saludables y Familias Saludables<\/a><\/em>, que concede a los empleados una hora de baja remunerada por enfermedad por cada 30 horas trabajadas, con un m\u00e1ximo de 24 horas o tres d\u00edas al a\u00f1o. La ley se aplica a todos los trabajadores empleados en el estado de California. <\/p>\n<p class=\"font-claude-response-body break-words whitespace-normal\" dir=\"ltr\">En septiembre, el presidente Obama promulg\u00f3 un <a class=\"underline underline underline-offset-2 decoration-1 decoration-current\/40 hover:decoration-current focus:decoration-current\" href=\"https:\/\/www.whitehouse.gov\/the-press-office\/2015\/09\/08\/executive-order-establishing-paid-sick-leave-federal-contractors\">decreto ejecutivo<\/a> por el que se establec\u00edan obligaciones en materia de bajas remuneradas por enfermedad para los trabajadores de empresas contratistas federales. Aunque esto no se aplica al sector privado, s\u00ed pone de manifiesto que el Gobierno federal est\u00e1 avanzando hacia el establecimiento, a largo plazo, de requisitos federales en materia de bajas remuneradas por enfermedad para todos los trabajadores de EE. UU. Es importante mantenerse al d\u00eda de todas las nuevas leyes sobre bajas remuneradas por enfermedad en los estados y ciudades en los que opera su empresa.  <\/p>\n<p class=\"font-claude-response-body break-words whitespace-normal\" dir=\"ltr\">Dada la falta de una normativa federal en el sector privado, algunas grandes empresas han implantado pol\u00edticas de bajas por enfermedad remuneradas para los proveedores de su plantilla temporal. Un ejemplo destacado es <a class=\"underline underline underline-offset-2 decoration-1 decoration-current\/40 hover:decoration-current focus:decoration-current\" href=\"http:\/\/blogs.microsoft.com\/on-the-issues\/2015\/03\/26\/paid-time-off-matters-ensuring-minimum-standards-for-the-people-at-our-suppliers\/\">Microsoft<\/a>, que anunci\u00f3 a principios de este a\u00f1o una pol\u00edtica por la que exige a sus proveedores de personal que ofrezcan un m\u00ednimo de 15 d\u00edas de vacaciones y bajas por enfermedad remuneradas. Esto podr\u00eda dar lugar a una tendencia cada vez mayor por parte de las empresas a tomar la iniciativa en nombre de sus proveedores. Actualmente se est\u00e1n barajando pol\u00edticas de bajas por enfermedad remuneradas para los programas de personal temporal, y no solo para los empleados fijos a tiempo completo. Puedes consultar la normativa vigente sobre bajas por enfermedad remuneradas de cualquier estado en el centro <a class=\"underline underline underline-offset-2 decoration-1 decoration-current\/40 hover:decoration-current focus:decoration-current\" href=\"https:\/\/www.people20.com\/es\/global-coverage\/\">de cobertura global<\/a> de People2.0.    <\/p>\n<p class=\"font-claude-response-body break-words whitespace-normal\" dir=\"ltr\"><strong>Prohibir la caja<\/strong><\/p>\n<p class=\"font-claude-response-body break-words whitespace-normal\" dir=\"ltr\">En varios estados y ciudades est\u00e1 surgiendo una nueva tendencia: las leyes que regulan la cuesti\u00f3n de los antecedentes penales en las solicitudes de empleo. Las leyes \u00abBan the Box\u00bb pretenden facilitar el proceso de contrataci\u00f3n a los exdelincuentes y su objetivo final es reducir la discriminaci\u00f3n en las pr\u00e1cticas de contrataci\u00f3n. Adem\u00e1s, estas leyes pretenden ayudar a los solicitantes con antecedentes penales a conseguir un empleo remunerado, dadas las dificultades que supone que las empresas se nieguen a contratar a exdelincuentes. Muchas leyes \u00abBan the Box\u00bb s\u00ed permiten que se pregunte por las condenas anteriores en una fase posterior del proceso de selecci\u00f3n.   <\/p>\n<p class=\"font-claude-response-body break-words whitespace-normal\" dir=\"ltr\">Recientemente, la ciudad de Nueva York ha promulgado <a class=\"underline underline underline-offset-2 decoration-1 decoration-current\/40 hover:decoration-current focus:decoration-current\" href=\"http:\/\/legistar.council.nyc.gov\/LegislationDetail.aspx?ID=1739365&#038;GUID=EF70B69C-074A-4B8E-9D36-187C76BB1098\"><em>la Ley de Igualdad de Oportunidades<\/em><\/a>, que entr\u00f3 en vigor el 27 de octubre de 2015. La ley \u00abBan the Box\u00bb de la ciudad de Nueva York proh\u00edbe que en las solicitudes de empleo y en las entrevistas se formulen preguntas sobre los antecedentes penales del solicitante. El empleador solo podr\u00e1 realizar una verificaci\u00f3n de antecedentes despu\u00e9s de haber hecho una oferta de trabajo condicional al solicitante. Adem\u00e1s, la ley proh\u00edbe que en las ofertas de empleo se indique que se llevar\u00e1 a cabo una verificaci\u00f3n de antecedentes. Esta medida permite que el solicitante avance en el proceso de selecci\u00f3n y tiene por objeto crear un entorno m\u00e1s justo para que las personas con antecedentes penales puedan acceder a un empleo. Dado que cada vez son m\u00e1s las ciudades y los estados que actualizan su legislaci\u00f3n laboral para incluir la normativa \u00abBan the Box\u00bb, es aconsejable mantenerse informado de los cambios que se produzcan en la legislaci\u00f3n laboral.     <\/p>\n<p class=\"font-claude-response-body break-words whitespace-normal\" dir=\"ltr\">Una buena pr\u00e1ctica para evitar cualquier problema es plantearse eliminar las preguntas sobre antecedentes penales de las solicitudes de empleo y las entrevistas. El momento m\u00e1s adecuado para abordar el tema de los antecedentes penales con un candidato es despu\u00e9s de que se le haya hecho una oferta de trabajo condicional y una vez que se hayan recibido los resultados de la verificaci\u00f3n de antecedentes. Si surge alg\u00fan problema en la verificaci\u00f3n de antecedentes, se podr\u00e1 revisar el historial penal del candidato para tomar una posible medida disciplinaria. People2.0 ha desarrollado un proceso de medidas disciplinarias en el que cada resultado positivo en la verificaci\u00f3n de antecedentes se analiza caso por caso, lo que contribuye a eliminar las pr\u00e1cticas de contrataci\u00f3n discriminatorias.   <\/p>\n<p class=\"font-claude-response-body break-words whitespace-normal\" dir=\"ltr\"><strong>Comprobaci\u00f3n del historial crediticio<\/strong><\/p>\n<p class=\"font-claude-response-body break-words whitespace-normal\" dir=\"ltr\">Al igual que las leyes \u00abBan the Box\u00bb, algunas ciudades y estados han establecido restricciones a la verificaci\u00f3n del historial crediticio de los solicitantes de empleo o de los empleados actuales. Algunas empresas recurren a la verificaci\u00f3n del historial crediticio a la hora de tomar decisiones de contrataci\u00f3n o promoci\u00f3n. El objetivo de este tipo de leyes es evitar la discriminaci\u00f3n laboral contra los hogares con ingresos bajos y medios.  <\/p>\n<p class=\"font-claude-response-body break-words whitespace-normal\" dir=\"ltr\">En 2013, el estado de Colorado promulg\u00f3 la<a class=\"underline underline underline-offset-2 decoration-1 decoration-current\/40 hover:decoration-current focus:decoration-current\" href=\"https:\/\/www.colorado.gov\/pacific\/cdle\/eoa\">\u00abLey de Oportunidades Laborales<\/a>\u00bb, que limita el uso de las comprobaciones de solvencia crediticia de los solicitantes de empleo y los empleados \u00fanicamente a aquellos cuya informaci\u00f3n crediticia est\u00e9 \u00absustancialmente relacionada\u00bb con el puesto de trabajo. Es importante se\u00f1alar que existen varias excepciones a este tipo de leyes, en funci\u00f3n del tipo de trabajo que realice el empleado y del nivel de seguridad. Muchas otras ciudades y estados cuentan con leyes similares que proh\u00edben el uso de comprobaciones de solvencia crediticia para los futuros empleados.  <\/p>\n<p class=\"font-claude-response-body break-words whitespace-normal\" dir=\"ltr\">En el contexto de un programa de mano de obra contingente, puede ser una buena idea eliminar cualquier pol\u00edtica general de verificaci\u00f3n de cr\u00e9dito. En su lugar, es posible que desee considerar la revisi\u00f3n de la necesidad de la verificaci\u00f3n de cr\u00e9dito en funci\u00f3n del tipo de trabajo que el empleado va a realizar. <\/p>\n<p class=\"font-claude-response-body break-words whitespace-normal\" dir=\"ltr\"><strong>Buenas pr\u00e1cticas<\/strong><\/p>\n<p class=\"font-claude-response-body break-words whitespace-normal\" dir=\"ltr\">La legislaci\u00f3n laboral puede variar considerablemente a nivel federal, estatal y local. Una buena pr\u00e1ctica, obvia pero muy dif\u00edcil de llevar a la pr\u00e1ctica, consiste en <a class=\"underline underline underline-offset-2 decoration-1 decoration-current\/40 hover:decoration-current focus:decoration-current\" href=\"https:\/\/www.people20.com\/es\/blog\/the-definitive-guide-to-workforce-compliance-mastery\/\">supervisar continuamente los programas de personal temporal<\/a> para asegurarse de que se est\u00e1 al d\u00eda de los \u00faltimos cambios y tendencias en materia de legislaci\u00f3n laboral. <\/p>\n<p class=\"font-claude-response-body break-words whitespace-normal\" dir=\"ltr\">Si tu empresa cuenta con trabajadores en m\u00e1s de un estado, puede resultar complicado estar al d\u00eda de todos los cambios en la legislaci\u00f3n laboral. En ocasiones, estas leyes estatales y locales se convierten en normativas federales y pasan a ser aplicables a toda tu plantilla. Una soluci\u00f3n sencilla es trabajar con un especialista independiente en cumplimiento normativo y gesti\u00f3n de contratistas, como People2.0. Por ejemplo, como parte de nuestros <a class=\"underline underline underline-offset-2 decoration-1 decoration-current\/40 hover:decoration-current focus:decoration-current\" href=\"https:\/\/www.people20.com\/es\/employer-of-record\/\">servicios profesionales de gesti\u00f3n de n\u00f3minas como \u00abempleador oficial\u00bb<\/a> para trabajadores de los 50 estados de EE. UU., debemos estar al d\u00eda de la legislaci\u00f3n laboral a todos los niveles: federal, estatal y local. People2.0 garantiza el cumplimiento de toda la legislaci\u00f3n laboral y mitiga los riesgos para su plantilla temporal.    <\/p>\n<p>&nbsp;<\/p>\n","protected":false},"excerpt":{"rendered":"<p>Existe la idea err\u00f3nea de que los trabajadores eventuales est\u00e1n exentos de cumplir determinadas leyes laborales. A menudo, debe seguir las mismas leyes laborales para sus trabajadores eventuales que para su mano de obra permanente. Aunque hay muchas tendencias en desarrollo en la legislaci\u00f3n laboral, este art\u00edculo se centrar\u00e1 en algunas importantes.  <\/p>\n","protected":false},"author":1,"featured_media":22448,"comment_status":"closed","ping_status":"closed","sticky":false,"template":"","format":"standard","meta":{"_acf_changed":false,"content-type":"","footnotes":""},"categories":[1160,1224,1236,1949,1200,1204,1208,1957],"tags":[1680,1364,1684,1676,1672,1592],"class_list":["post-26120","post","type-post","status-publish","format-standard","has-post-thumbnail","hentry","category-blog-es","category-compliance-es","category-mass-talent-es","category-perspectivas-del-sector","category-practice-areas-es","category-search-recruiting-es","category-staffing-es","category-tendencias-en-el-mercado-mundial-de-talentos","tag-pa3-es","tag-industry-insights-es","tag-pa4-es","tag-pa2-es","tag-pa1-es","tag-trends-in-the-global-talent-marketplace-es"],"acf":[],"yoast_head":"<!-- This site is optimized with the Yoast SEO plugin v28.3 - https:\/\/yoast.com\/product\/yoast-seo-wordpress\/ -->\n<title>Tendencias en Derecho laboral y flexibilidad de la mano de obra<\/title>\n<meta name=\"description\" content=\"Explore las tendencias de la legislaci\u00f3n laboral que afectan a la mano de obra flexible. Mant\u00e9ngase informado sobre los cambios clave que afectan a la contrataci\u00f3n, el cumplimiento y la gesti\u00f3n de la plantilla.\" \/>\n<meta name=\"robots\" content=\"index, follow, max-snippet:-1, max-image-preview:large, max-video-preview:-1\" \/>\n<link rel=\"canonical\" href=\"https:\/\/www.people20.com\/es\/blog\/employment-law-trends-and-the-flexible-workforce\/\" \/>\n<meta property=\"og:locale\" content=\"es_ES\" \/>\n<meta property=\"og:type\" content=\"article\" \/>\n<meta property=\"og:title\" content=\"Tendencias en Derecho laboral y flexibilidad de la mano de obra\" \/>\n<meta property=\"og:description\" content=\"Explore las tendencias de la legislaci\u00f3n laboral que afectan a la mano de obra flexible. Mant\u00e9ngase informado sobre los cambios clave que afectan a la contrataci\u00f3n, el cumplimiento y la gesti\u00f3n de la plantilla.\" \/>\n<meta property=\"og:url\" content=\"https:\/\/www.people20.com\/es\/blog\/employment-law-trends-and-the-flexible-workforce\/\" \/>\n<meta property=\"og:site_name\" content=\"People2.0 | Global\" \/>\n<meta property=\"article:published_time\" content=\"2015-11-13T01:44:49+00:00\" \/>\n<meta property=\"article:modified_time\" content=\"2026-08-13T07:36:25+00:00\" \/>\n<meta property=\"og:image\" content=\"https:\/\/www.people20.com\/wp-content\/uploads\/2025\/09\/default-featured-blog-image-e1759425826602.png\" \/>\n\t<meta property=\"og:image:width\" content=\"2000\" \/>\n\t<meta property=\"og:image:height\" content=\"1350\" \/>\n\t<meta property=\"og:image:type\" content=\"image\/png\" \/>\n<meta name=\"author\" content=\"mstockton\" \/>\n<meta name=\"twitter:card\" content=\"summary_large_image\" \/>\n<meta name=\"twitter:label1\" content=\"Escrito por\" \/>\n\t<meta name=\"twitter:data1\" content=\"mstockton\" \/>\n\t<meta name=\"twitter:label2\" content=\"Tiempo de lectura\" \/>\n\t<meta name=\"twitter:data2\" content=\"7 minutos\" \/>\n<!-- \/ Yoast SEO plugin. -->","yoast_head_json":{"title":"Tendencias en Derecho laboral y flexibilidad de la mano de obra","description":"Explore las tendencias de la legislaci\u00f3n laboral que afectan a la mano de obra flexible. Mant\u00e9ngase informado sobre los cambios clave que afectan a la contrataci\u00f3n, el cumplimiento y la gesti\u00f3n de la plantilla.","robots":{"index":"index","follow":"follow","max-snippet":"max-snippet:-1","max-image-preview":"max-image-preview:large","max-video-preview":"max-video-preview:-1"},"canonical":"https:\/\/www.people20.com\/es\/blog\/employment-law-trends-and-the-flexible-workforce\/","og_locale":"es_ES","og_type":"article","og_title":"Tendencias en Derecho laboral y flexibilidad de la mano de obra","og_description":"Explore las tendencias de la legislaci\u00f3n laboral que afectan a la mano de obra flexible. Mant\u00e9ngase informado sobre los cambios clave que afectan a la contrataci\u00f3n, el cumplimiento y la gesti\u00f3n de la plantilla.","og_url":"https:\/\/www.people20.com\/es\/blog\/employment-law-trends-and-the-flexible-workforce\/","og_site_name":"People2.0 | Global","article_published_time":"2015-11-13T01:44:49+00:00","article_modified_time":"2026-08-13T07:36:25+00:00","og_image":[{"width":2000,"height":1350,"url":"https:\/\/www.people20.com\/wp-content\/uploads\/2025\/09\/default-featured-blog-image-e1759425826602.png","type":"image\/png"}],"author":"mstockton","twitter_card":"summary_large_image","twitter_misc":{"Escrito por":"mstockton","Tiempo de lectura":"7 minutos"},"schema":{"@context":"https:\/\/schema.org","@graph":[{"@type":"Article","@id":"https:\/\/www.people20.com\/es\/blog\/employment-law-trends-and-the-flexible-workforce\/#article","isPartOf":{"@id":"https:\/\/www.people20.com\/es\/blog\/employment-law-trends-and-the-flexible-workforce\/"},"author":{"name":"mstockton","@id":"https:\/\/www.people20.com\/es\/#\/schema\/person\/8e2bd6d4178279b0432c3a752289cf70"},"headline":"Tendencias del Derecho laboral y flexibilidad de la mano de obra","datePublished":"2015-11-13T01:44:49+00:00","dateModified":"2026-08-13T07:36:25+00:00","mainEntityOfPage":{"@id":"https:\/\/www.people20.com\/es\/blog\/employment-law-trends-and-the-flexible-workforce\/"},"wordCount":1430,"publisher":{"@id":"https:\/\/www.people20.com\/es\/#organization"},"image":{"@id":"https:\/\/www.people20.com\/es\/blog\/employment-law-trends-and-the-flexible-workforce\/#primaryimage"},"thumbnailUrl":"https:\/\/www.people20.com\/wp-content\/uploads\/2025\/09\/default-featured-blog-image-e1759425826602.png","keywords":["Mass Talent and Enterprise","Perspectivas de la industria","Professional Services","Search and Recruiting","Staffing","Trends in the Global Talent Marketplace"],"articleSection":["Blog","Compliance","Mass Talent Procurement","Perspectivas del sector","Practice Areas","Search &amp; Recruiting","Staffing","Tendencias en el mercado mundial de talentos"],"inLanguage":"es"},{"@type":"WebPage","@id":"https:\/\/www.people20.com\/es\/blog\/employment-law-trends-and-the-flexible-workforce\/","url":"https:\/\/www.people20.com\/es\/blog\/employment-law-trends-and-the-flexible-workforce\/","name":"Tendencias en Derecho laboral y flexibilidad de la mano de obra","isPartOf":{"@id":"https:\/\/www.people20.com\/es\/#website"},"primaryImageOfPage":{"@id":"https:\/\/www.people20.com\/es\/blog\/employment-law-trends-and-the-flexible-workforce\/#primaryimage"},"image":{"@id":"https:\/\/www.people20.com\/es\/blog\/employment-law-trends-and-the-flexible-workforce\/#primaryimage"},"thumbnailUrl":"https:\/\/www.people20.com\/wp-content\/uploads\/2025\/09\/default-featured-blog-image-e1759425826602.png","datePublished":"2015-11-13T01:44:49+00:00","dateModified":"2026-08-13T07:36:25+00:00","description":"Explore las tendencias de la legislaci\u00f3n laboral que afectan a la mano de obra flexible. Mant\u00e9ngase informado sobre los cambios clave que afectan a la contrataci\u00f3n, el cumplimiento y la gesti\u00f3n de la plantilla.","breadcrumb":{"@id":"https:\/\/www.people20.com\/es\/blog\/employment-law-trends-and-the-flexible-workforce\/#breadcrumb"},"inLanguage":"es","potentialAction":[{"@type":"ReadAction","target":["https:\/\/www.people20.com\/es\/blog\/employment-law-trends-and-the-flexible-workforce\/"]}]},{"@type":"ImageObject","inLanguage":"es","@id":"https:\/\/www.people20.com\/es\/blog\/employment-law-trends-and-the-flexible-workforce\/#primaryimage","url":"https:\/\/www.people20.com\/wp-content\/uploads\/2025\/09\/default-featured-blog-image-e1759425826602.png","contentUrl":"https:\/\/www.people20.com\/wp-content\/uploads\/2025\/09\/default-featured-blog-image-e1759425826602.png","width":2000,"height":1350},{"@type":"BreadcrumbList","@id":"https:\/\/www.people20.com\/es\/blog\/employment-law-trends-and-the-flexible-workforce\/#breadcrumb","itemListElement":[{"@type":"ListItem","position":1,"name":"Home","item":"https:\/\/www.people20.com\/es\/home\/"},{"@type":"ListItem","position":2,"name":"Tendencias del Derecho laboral y flexibilidad de la mano de obra"}]},{"@type":"WebSite","@id":"https:\/\/www.people20.com\/es\/#website","url":"https:\/\/www.people20.com\/es\/","name":"People2.0 | Global","description":"Global employment, simplified.","publisher":{"@id":"https:\/\/www.people20.com\/es\/#organization"},"potentialAction":[{"@type":"SearchAction","target":{"@type":"EntryPoint","urlTemplate":"https:\/\/www.people20.com\/es\/?s={search_term_string}"},"query-input":{"@type":"PropertyValueSpecification","valueRequired":true,"valueName":"search_term_string"}}],"inLanguage":"es"},{"@type":"Organization","@id":"https:\/\/www.people20.com\/es\/#organization","name":"People2.0 | Global","url":"https:\/\/www.people20.com\/es\/","logo":{"@type":"ImageObject","inLanguage":"es","@id":"https:\/\/www.people20.com\/es\/#\/schema\/logo\/image\/","url":"https:\/\/www.people20.com\/wp-content\/uploads\/2025\/05\/people20-logo.svg","contentUrl":"https:\/\/www.people20.com\/wp-content\/uploads\/2025\/05\/people20-logo.svg","caption":"People2.0 | Global"},"image":{"@id":"https:\/\/www.people20.com\/es\/#\/schema\/logo\/image\/"}},{"@type":"Person","@id":"https:\/\/www.people20.com\/es\/#\/schema\/person\/8e2bd6d4178279b0432c3a752289cf70","name":"mstockton","image":{"@type":"ImageObject","inLanguage":"es","@id":"https:\/\/secure.gravatar.com\/avatar\/647d665762e1eb25072a3fd27f241688164506d74742d36e717bfcd92cdb5b68?s=96&d=mm&r=g","url":"https:\/\/secure.gravatar.com\/avatar\/647d665762e1eb25072a3fd27f241688164506d74742d36e717bfcd92cdb5b68?s=96&d=mm&r=g","contentUrl":"https:\/\/secure.gravatar.com\/avatar\/647d665762e1eb25072a3fd27f241688164506d74742d36e717bfcd92cdb5b68?s=96&d=mm&r=g","caption":"mstockton"},"sameAs":["http:\/\/www.people20.com"],"url":"https:\/\/www.people20.com\/es\/blog\/author\/mrstockton\/"}]}},"_links":{"self":[{"href":"https:\/\/www.people20.com\/es\/wp-json\/wp\/v2\/posts\/26120","targetHints":{"allow":["GET"]}}],"collection":[{"href":"https:\/\/www.people20.com\/es\/wp-json\/wp\/v2\/posts"}],"about":[{"href":"https:\/\/www.people20.com\/es\/wp-json\/wp\/v2\/types\/post"}],"author":[{"embeddable":true,"href":"https:\/\/www.people20.com\/es\/wp-json\/wp\/v2\/users\/1"}],"replies":[{"embeddable":true,"href":"https:\/\/www.people20.com\/es\/wp-json\/wp\/v2\/comments?post=26120"}],"version-history":[{"count":1,"href":"https:\/\/www.people20.com\/es\/wp-json\/wp\/v2\/posts\/26120\/revisions"}],"predecessor-version":[{"id":44660,"href":"https:\/\/www.people20.com\/es\/wp-json\/wp\/v2\/posts\/26120\/revisions\/44660"}],"wp:featuredmedia":[{"embeddable":true,"href":"https:\/\/www.people20.com\/es\/wp-json\/wp\/v2\/media\/22448"}],"wp:attachment":[{"href":"https:\/\/www.people20.com\/es\/wp-json\/wp\/v2\/media?parent=26120"}],"wp:term":[{"taxonomy":"category","embeddable":true,"href":"https:\/\/www.people20.com\/es\/wp-json\/wp\/v2\/categories?post=26120"},{"taxonomy":"post_tag","embeddable":true,"href":"https:\/\/www.people20.com\/es\/wp-json\/wp\/v2\/tags?post=26120"}],"curies":[{"name":"wp","href":"https:\/\/api.w.org\/{rel}","templated":true}]}}