{"id":26207,"date":"2023-05-19T16:37:00","date_gmt":"2023-05-19T20:37:00","guid":{"rendered":"https:\/\/www.people20.com\/company-news\/people2-0-anuncia-el-nombramiento-de-andrew-fahey-como-cco-mundial\/"},"modified":"2025-10-02T01:32:26","modified_gmt":"2025-10-02T05:32:26","slug":"people2-0-announces-andrew-fahey-as-global-cco-2","status":"publish","type":"company-news","link":"https:\/\/www.people20.com\/es\/company-news\/people2-0-announces-andrew-fahey-as-global-cco-2\/","title":{"rendered":"People2.0 anuncia el nombramiento de Andrew Fahey como CCO mundial"},"content":{"rendered":"\n<p><b>King of Prussia, PA &#8211; 15 de mayo de 2023<\/b> &#8211; <span class=\"TextRun SCXW175005381 BCX0\" lang=\"EN-US\" xml_lang=\"EN-US\" data-contrast=\"auto\"><span class=\"NormalTextRun SCXW175005381 BCX0\">People2.0, el mayor proveedor mundial de servicios de empleador registrado (EOR) y agente registrado (AOR), ha anunciado hoy un cambio clave en su c\u00fapula directiva. Andrew Fahey,<\/span> <span class=\"NormalTextRun SCXW175005381 BCX0\">estimado Consejero Delegado del Grupo Brookson (una empresa de People2.0), pasar\u00e1 a desempe\u00f1ar el cargo de Director Comercial Global. En su nuevo cargo, Fahey supervisar\u00e1 la estrategia comercial de la empresa, incluidas las ventas, el marketing, los productos, los precios<\/span> <span class=\"NormalTextRun SCXW175005381 BCX0\">y asociaciones estrat\u00e9gicas. Esta transici\u00f3n contribuir\u00e1 a la perfecta integraci\u00f3n de Brookson con People2.0.<\/span> <\/span> <\/p>\n\n<p><span class=\"TextRun SCXW158412098 BCX0\" lang=\"EN-US\" xml_lang=\"EN-US\" data-contrast=\"auto\"><span class=\"NormalTextRun SCXW158412098 BCX0\"><span class=\"NormalTextRun SCXW190261310 BCX0\">\u00abAl embarcarme en mi viaje como Director Comercial de People2.0, estoy lleno de entusiasmo y determinaci\u00f3n para impulsar nuestro crecimiento mediante la sinergia de todas nuestras funciones de cara al exterior. Al centralizar el control de los precios, los productos y la experiencia del cliente, aceleraremos nuestro progreso, fomentando un enfoque racionalizado y unificado que impulse nuestro \u00e9xito colectivo\u00bb, afirm\u00f3 Fahey.<\/span><\/span><\/span><\/p>\n\n<p><span class=\"TextRun SCXW106025837 BCX0\" lang=\"EN-US\" xml_lang=\"EN-US\" data-contrast=\"auto\"><span class=\"NormalTextRun SCXW106025837 BCX0\">Fahey <\/span><span class=\"NormalTextRun SCXW106025837 BCX0\">es un<\/span><span class=\"NormalTextRun SCXW106025837 BCX0\"> experimentado <\/span><span class=\"NormalTextRun SCXW106025837 BCX0\">l\u00edder comercial en empresas tecnol\u00f3gicas, especialmente <\/span><span class=\"NormalTextRun SCXW106025837 BCX0\">con<\/span><span class=\"NormalTextRun SCXW106025837 BCX0\">en el mercado mundial de trabajo temporal y contratistas<\/span><span class=\"NormalTextRun SCXW106025837 BCX0\">. H<\/span><span class=\"NormalTextRun SCXW106025837 BCX0\">av<\/span><span class=\"NormalTextRun SCXW106025837 BCX0\">de dirigir el Grupo Brookson en el Reino Unido<\/span><span class=\"NormalTextRun SCXW106025837 BCX0\">Fahey aporta<\/span><span class=\"NormalTextRun SCXW106025837 BCX0\"> a <\/span><span class=\"NormalTextRun SCXW106025837 BCX0\">gran experiencia<\/span><span class=\"NormalTextRun SCXW106025837 BCX0\"> en entrega operativa, consultor\u00eda t\u00e9cnica y gesti\u00f3n comercial,<\/span> <span class=\"NormalTextRun SCXW106025837 BCX0\">proporcionando a<\/span><span class=\"NormalTextRun SCXW106025837 BCX0\"> liderazgo estrat\u00e9gico en el desarrollo de productos y servicios para <\/span><span class=\"NormalTextRun SCXW106025837 BCX0\">la <\/span><span class=\"NormalTextRun SCXW106025837 BCX0\">mercado mundial <\/span><span class=\"NormalTextRun SCXW106025837 BCX0\">de talento<\/span><span class=\"NormalTextRun SCXW106025837 BCX0\">.<\/span><\/span><span class=\"EOP SCXW106025837 BCX0\" data-ccp-props=\"{}\"> <\/span><\/p>\n\n<p><span class=\"TextRun SCXW131146374 BCX0\" lang=\"EN-US\" xml_lang=\"EN-US\" data-contrast=\"auto\"><span class=\"NormalTextRun SCXW131146374 BCX0\">\u00abCon dos d\u00e9cadas de dedicaci\u00f3n al mercado del talento, he perfeccionado mis habilidades en el desarrollo de productos y servicios para potenciar tanto a empresas como a particulares<\/span><span class=\"NormalTextRun SCXW131146374 BCX0\">\u00ab, dijo. \u00ab<\/span><span class=\"NormalTextRun SCXW131146374 BCX0\">Mi experiencia en la creaci\u00f3n de equipos de ventas, el lanzamiento de <\/span><span class=\"NormalTextRun SCXW131146374 BCX0\">nuevas marcas<\/span><span class=\"NormalTextRun SCXW131146374 BCX0\">Mi experiencia en la creaci\u00f3n de equipos de ventas, el lanzamiento de nuevas marcas y el fomento de la innovaci\u00f3n me ha preparado para este nuevo y emocionante cap\u00edtulo. <\/span><span class=\"NormalTextRun SCXW131146374 BCX0\">De cara al futuro, estoy ansioso por canalizar estos conocimientos y <\/span><span class=\"NormalTextRun SCXW131146374 BCX0\">experiencia<\/span><span class=\"NormalTextRun SCXW131146374 BCX0\"> hacia <\/span><span class=\"NormalTextRun SCXW131146374 BCX0\">establecer<\/span><span class=\"NormalTextRun SCXW131146374 BCX0\"> a nuestra empresa como l\u00edder indiscutible del pensamiento mundial en nuestro sector, inspirando <\/span><span class=\"NormalTextRun SCXW131146374 BCX0\">crecimiento<\/span><span class=\"NormalTextRun SCXW131146374 BCX0\"> y \u00e9xito para todos aquellos a los que servimos\u00bb.<\/span><\/span><span class=\"EOP SCXW131146374 BCX0\" data-ccp-props=\"{}\"> <\/span><\/p>\n\n<p><span class=\"TextRun SCXW4614597 BCX0\" lang=\"EN-US\" xml_lang=\"EN-US\" data-contrast=\"auto\"><span class=\"NormalTextRun SCXW4614597 BCX0\">A lo largo de su carrera, <\/span><span class=\"NormalTextRun SCXW4614597 BCX0\">Fahey<\/span><span class=\"NormalTextRun SCXW4614597 BCX0\"> ha aportado sistem\u00e1ticamente valor a los accionistas y rentabilidad mediante estrategias org\u00e1nicas y adquisitivas. <\/span><span class=\"NormalTextRun SCXW4614597 BCX0\">En su nuevo cargo <\/span><span class=\"NormalTextRun SCXW4614597 BCX0\">\u00e9l<\/span><span class=\"NormalTextRun SCXW4614597 BCX0\"> se dedica a<\/span> <span class=\"NormalTextRun SCXW4614597 BCX0\">fomentar<\/span> <span class=\"NormalTextRun SCXW4614597 BCX0\">una cultura de innovaci\u00f3n y colaboraci\u00f3n<\/span> <span class=\"NormalTextRun SCXW4614597 BCX0\">mientras<\/span><span class=\"NormalTextRun SCXW4614597 BCX0\"> impulsando el crecimiento.<\/span><\/span><span class=\"EOP SCXW4614597 BCX0\" data-ccp-props=\"{}\"> <\/span><\/p>\n\n<p><span class=\"TextRun SCXW222378221 BCX0\" lang=\"EN-US\" xml_lang=\"EN-US\" data-contrast=\"auto\"><span class=\"NormalTextRun SCXW222378221 BCX0\">\u00abA lo largo de los a\u00f1os, nuestro incesante af\u00e1n de crecimiento nos ha llevado a ampliar nuestro negocio org\u00e1nicamente y mediante adquisiciones estrat\u00e9gicas. Al hacerlo, hemos cultivado una riqueza incomparable de competencias, <\/span><span class=\"NormalTextRun SCXW222378221 BCX0\">conocimientos<\/span><span class=\"NormalTextRun SCXW222378221 BCX0\">y experiencia entre nuestros dedicados <\/span><span class=\"NormalTextRun SCXW222378221 BCX0\">A<\/span><span class=\"NormalTextRun SCXW222378221 BCX0\">mbajadores<\/span><span class=\"NormalTextRun SCXW222378221 BCX0\">,\u00bb <\/span><span class=\"NormalTextRun SCXW222378221 BCX0\">Fahey <\/span><span class=\"NormalTextRun SCXW222378221 BCX0\">declar\u00f3<\/span><span class=\"NormalTextRun SCXW222378221 BCX0\">. \u00ab<\/span><span class=\"NormalTextRun SCXW222378221 BCX0\">Ahora, estamos preparados para canalizar esta energ\u00eda colectiva para forjar una s\u00f3lida cultura de empresa, perfeccionar nuestra experiencia de servicio y construir una organizaci\u00f3n que nos llene a todos de inmenso orgullo. Juntos, daremos forma a un legado extraordinario e inspiraremos al mundo que nos rodea\u00bb.<\/span><\/span><span class=\"EOP SCXW222378221 BCX0\" data-ccp-props=\"{}\"> <\/span><\/p>\n\n<p><span class=\"TextRun SCXW161466482 BCX0\" lang=\"EN-US\" xml_lang=\"EN-US\" data-contrast=\"auto\"><span class=\"NormalTextRun SCXW161466482 BCX0\">Pat McCall, antiguo CRO mundial de People2.0, apoy\u00f3 incondicionalmente<\/span> <span class=\"NormalTextRun SCXW161466482 BCX0\">el nombramiento de Fahey: \u00abDesde el momento en que conocimos a Andrew durante el proceso de adquisici\u00f3n de Brookson Group, qued\u00f3 claro que hab\u00edamos descubierto a un ejecutivo excepcional, capaz de llevar a nuestro equipo global a cotas sin precedentes. Mientras paso el testigo a Andrew y contin\u00fao apoyando a People2.0 como cliente en mi nueva tarea, espero con impaciencia los notables avances estrat\u00e9gicos y el crecimiento que Andrew orquestar\u00e1 sin duda. El futuro es brillante, y estoy seguro de que la infraestructura global de compromiso con el talento de People2.0 prosperar\u00e1 bajo su liderazgo.\u00bb<\/span> <\/span><\/p>\n","protected":false},"excerpt":{"rendered":"<p>King of Prussia, PA &#8211; 15 de mayo de 2023 &#8211; People2.0, el mayor empleador global de registro (EOR) y proveedor de servicios de agente de registro (AOR), ha anunciado hoy un cambio de liderazgo clave. Andrew Fahey, estimado CEO del Grupo Brookson (una compa\u00f1\u00eda de People2.0), pasar\u00e1 a desempe\u00f1ar el papel de Director Comercial Global. En su nuevo cargo, Fahey supervisar\u00e1 la estrategia comercial de la empresa, incluidas las ventas, el marketing, los productos, los precios y las asociaciones estrat\u00e9gicas. Esta transici\u00f3n contribuir\u00e1 a la perfecta integraci\u00f3n de Brookson con People2.0.     <\/p>\n","protected":false},"author":3,"featured_media":22448,"parent":0,"comment_status":"closed","ping_status":"closed","template":"","format":"standard","meta":{"_acf_changed":false,"content-type":"","footnotes":""},"categories":[1172,1177],"tags":[],"class_list":["post-26207","company-news","type-company-news","status-publish","format-standard","has-post-thumbnail","hentry","category-multisite-location-es","category-all-global-es"],"acf":[],"yoast_head":"<!-- This site is optimized with the Yoast SEO plugin v27.4 - https:\/\/yoast.com\/product\/yoast-seo-wordpress\/ -->\n<title>People2.0 anuncia el nombramiento de Andrew Fahey como CCO mundial &#8211; People2.0 | Global<\/title>\n<meta name=\"description\" content=\"Fahey pasa de ser CEO del Grupo Brookson y CMO Global de People2.0 a desempe\u00f1ar el papel fundamental de CCO Global en People2.0\" \/>\n<meta name=\"robots\" content=\"index, follow, max-snippet:-1, max-image-preview:large, max-video-preview:-1\" \/>\n<link rel=\"canonical\" href=\"https:\/\/www.people20.com\/es\/company-news\/people2-0-announces-andrew-fahey-as-global-cco-2\/\" \/>\n<meta property=\"og:locale\" content=\"es_ES\" \/>\n<meta property=\"og:type\" content=\"article\" \/>\n<meta property=\"og:title\" content=\"People2.0 anuncia el nombramiento de Andrew Fahey como CCO mundial &#8211; People2.0 | Global\" \/>\n<meta property=\"og:description\" content=\"Fahey pasa de ser CEO del Grupo Brookson y CMO Global de People2.0 a desempe\u00f1ar el papel fundamental de CCO Global en People2.0\" \/>\n<meta property=\"og:url\" content=\"https:\/\/www.people20.com\/es\/company-news\/people2-0-announces-andrew-fahey-as-global-cco-2\/\" \/>\n<meta property=\"og:site_name\" content=\"People2.0 | Global\" \/>\n<meta property=\"article:modified_time\" content=\"2025-10-02T05:32:26+00:00\" \/>\n<meta property=\"og:image\" content=\"https:\/\/www.people20.com\/wp-content\/uploads\/2025\/09\/default-featured-blog-image-e1759425826602.png\" \/>\n\t<meta property=\"og:image:width\" content=\"2000\" \/>\n\t<meta property=\"og:image:height\" content=\"1350\" \/>\n\t<meta property=\"og:image:type\" content=\"image\/png\" \/>\n<meta name=\"twitter:card\" content=\"summary_large_image\" \/>\n<meta name=\"twitter:label1\" content=\"Tiempo de lectura\" \/>\n\t<meta name=\"twitter:data1\" content=\"3 minutos\" \/>\n<!-- \/ Yoast SEO plugin. -->","yoast_head_json":{"title":"People2.0 anuncia el nombramiento de Andrew Fahey como CCO mundial &#8211; People2.0 | Global","description":"Fahey pasa de ser CEO del Grupo Brookson y CMO Global de People2.0 a desempe\u00f1ar el papel fundamental de CCO Global en People2.0","robots":{"index":"index","follow":"follow","max-snippet":"max-snippet:-1","max-image-preview":"max-image-preview:large","max-video-preview":"max-video-preview:-1"},"canonical":"https:\/\/www.people20.com\/es\/company-news\/people2-0-announces-andrew-fahey-as-global-cco-2\/","og_locale":"es_ES","og_type":"article","og_title":"People2.0 anuncia el nombramiento de Andrew Fahey como CCO mundial &#8211; People2.0 | Global","og_description":"Fahey pasa de ser CEO del Grupo Brookson y CMO Global de People2.0 a desempe\u00f1ar el papel fundamental de CCO Global en People2.0","og_url":"https:\/\/www.people20.com\/es\/company-news\/people2-0-announces-andrew-fahey-as-global-cco-2\/","og_site_name":"People2.0 | Global","article_modified_time":"2025-10-02T05:32:26+00:00","og_image":[{"width":2000,"height":1350,"url":"https:\/\/www.people20.com\/wp-content\/uploads\/2025\/09\/default-featured-blog-image-e1759425826602.png","type":"image\/png"}],"twitter_card":"summary_large_image","twitter_misc":{"Tiempo de lectura":"3 minutos"},"schema":{"@context":"https:\/\/schema.org","@graph":[{"@type":"WebPage","@id":"https:\/\/www.people20.com\/es\/company-news\/people2-0-announces-andrew-fahey-as-global-cco-2\/","url":"https:\/\/www.people20.com\/es\/company-news\/people2-0-announces-andrew-fahey-as-global-cco-2\/","name":"People2.0 anuncia el nombramiento de Andrew Fahey como CCO mundial &#8211; People2.0 | Global","isPartOf":{"@id":"https:\/\/www.people20.com\/es\/#website"},"primaryImageOfPage":{"@id":"https:\/\/www.people20.com\/es\/company-news\/people2-0-announces-andrew-fahey-as-global-cco-2\/#primaryimage"},"image":{"@id":"https:\/\/www.people20.com\/es\/company-news\/people2-0-announces-andrew-fahey-as-global-cco-2\/#primaryimage"},"thumbnailUrl":"https:\/\/www.people20.com\/wp-content\/uploads\/2025\/09\/default-featured-blog-image-e1759425826602.png","datePublished":"2023-05-19T20:37:00+00:00","dateModified":"2025-10-02T05:32:26+00:00","description":"Fahey pasa de ser CEO del Grupo Brookson y CMO Global de People2.0 a desempe\u00f1ar el papel fundamental de CCO Global en People2.0","breadcrumb":{"@id":"https:\/\/www.people20.com\/es\/company-news\/people2-0-announces-andrew-fahey-as-global-cco-2\/#breadcrumb"},"inLanguage":"es","potentialAction":[{"@type":"ReadAction","target":["https:\/\/www.people20.com\/es\/company-news\/people2-0-announces-andrew-fahey-as-global-cco-2\/"]}]},{"@type":"ImageObject","inLanguage":"es","@id":"https:\/\/www.people20.com\/es\/company-news\/people2-0-announces-andrew-fahey-as-global-cco-2\/#primaryimage","url":"https:\/\/www.people20.com\/wp-content\/uploads\/2025\/09\/default-featured-blog-image-e1759425826602.png","contentUrl":"https:\/\/www.people20.com\/wp-content\/uploads\/2025\/09\/default-featured-blog-image-e1759425826602.png","width":2000,"height":1350},{"@type":"BreadcrumbList","@id":"https:\/\/www.people20.com\/es\/company-news\/people2-0-announces-andrew-fahey-as-global-cco-2\/#breadcrumb","itemListElement":[{"@type":"ListItem","position":1,"name":"Home","item":"https:\/\/www.people20.com\/es\/"},{"@type":"ListItem","position":2,"name":"Noticias","item":"https:\/\/www.people20.com\/es\/news-archive\/"},{"@type":"ListItem","position":3,"name":"People2.0 anuncia el nombramiento de Andrew Fahey como CCO mundial"}]},{"@type":"WebSite","@id":"https:\/\/www.people20.com\/es\/#website","url":"https:\/\/www.people20.com\/es\/","name":"People2.0 | Global","description":"Global employment, simplified.","publisher":{"@id":"https:\/\/www.people20.com\/es\/#organization"},"potentialAction":[{"@type":"SearchAction","target":{"@type":"EntryPoint","urlTemplate":"https:\/\/www.people20.com\/es\/?s={search_term_string}"},"query-input":{"@type":"PropertyValueSpecification","valueRequired":true,"valueName":"search_term_string"}}],"inLanguage":"es"},{"@type":"Organization","@id":"https:\/\/www.people20.com\/es\/#organization","name":"People2.0 | Global","url":"https:\/\/www.people20.com\/es\/","logo":{"@type":"ImageObject","inLanguage":"es","@id":"https:\/\/www.people20.com\/es\/#\/schema\/logo\/image\/","url":"https:\/\/www.people20.com\/wp-content\/uploads\/2025\/05\/people20-logo.svg","contentUrl":"https:\/\/www.people20.com\/wp-content\/uploads\/2025\/05\/people20-logo.svg","caption":"People2.0 | Global"},"image":{"@id":"https:\/\/www.people20.com\/es\/#\/schema\/logo\/image\/"}}]}},"_links":{"self":[{"href":"https:\/\/www.people20.com\/es\/wp-json\/wp\/v2\/news\/26207","targetHints":{"allow":["GET"]}}],"collection":[{"href":"https:\/\/www.people20.com\/es\/wp-json\/wp\/v2\/news"}],"about":[{"href":"https:\/\/www.people20.com\/es\/wp-json\/wp\/v2\/types\/company-news"}],"author":[{"embeddable":true,"href":"https:\/\/www.people20.com\/es\/wp-json\/wp\/v2\/users\/3"}],"replies":[{"embeddable":true,"href":"https:\/\/www.people20.com\/es\/wp-json\/wp\/v2\/comments?post=26207"}],"version-history":[{"count":1,"href":"https:\/\/www.people20.com\/es\/wp-json\/wp\/v2\/news\/26207\/revisions"}],"predecessor-version":[{"id":26209,"href":"https:\/\/www.people20.com\/es\/wp-json\/wp\/v2\/news\/26207\/revisions\/26209"}],"wp:featuredmedia":[{"embeddable":true,"href":"https:\/\/www.people20.com\/es\/wp-json\/wp\/v2\/media\/22448"}],"wp:attachment":[{"href":"https:\/\/www.people20.com\/es\/wp-json\/wp\/v2\/media?parent=26207"}],"wp:term":[{"taxonomy":"category","embeddable":true,"href":"https:\/\/www.people20.com\/es\/wp-json\/wp\/v2\/categories?post=26207"},{"taxonomy":"post_tag","embeddable":true,"href":"https:\/\/www.people20.com\/es\/wp-json\/wp\/v2\/tags?post=26207"}],"curies":[{"name":"wp","href":"https:\/\/api.w.org\/{rel}","templated":true}]}}