{"id":26184,"date":"2022-03-04T22:24:00","date_gmt":"2022-03-05T03:24:00","guid":{"rendered":"https:\/\/www.people20.com\/company-news\/la-asociacion-americana-de-nominas-anuncia-que-bruce-phipps-cpp-director-de-servicios-compartidos-de-people2-0-ocupara-su-segundo-mandato-presidencial\/"},"modified":"2025-12-12T14:55:32","modified_gmt":"2025-12-12T19:55:32","slug":"american-payroll-association-announces-bruce-phipps-cpp-director-of-shared-services-people2-0-to-serve-second-presidential-term-2","status":"publish","type":"company-news","link":"https:\/\/www.people20.com\/es\/company-news\/american-payroll-association-announces-bruce-phipps-cpp-director-of-shared-services-people2-0-to-serve-second-presidential-term-2\/","title":{"rendered":"La Asociaci\u00f3n Americana de N\u00f3minas anuncia que Bruce Phipps, CPP, Director de Servicios Compartidos de People2.0, ocupar\u00e1 su segundo mandato presidencial"},"content":{"rendered":"<p><b>King of Prussia, PA &#8211; 7 de marzo de 2022<\/b> &#8211; <a href=\"https:\/\/www.americanpayroll.org\/news-resources\/apa-news\/news-detail\/2022\/01\/05\/apa-leadership-changes-for-2022\">Como anunci\u00f3 recientemente<\/a> la Asociaci\u00f3n Americana de N\u00f3mina (APA), el Director de Servicios Compartidos de People2.0, Bruce Phipps, cumplir\u00e1 un segundo mandato como presidente de la APA. Miembro de la APA desde 1988 y Profesional Certificado en N\u00f3minas (CPP), Phipps continuar\u00e1 su presidencia ante los cambios de liderazgo.&nbsp;<\/p>\n<p>\u00abEstoy entusiasmado por la oportunidad de servir otro mandato como Presidente de la APA. Esta organizaci\u00f3n planea un papel tan importante, y me siento honrado de continuar con mi liderazgo\u00bb, dijo Phipps.&nbsp;<\/p>\n<p>Phipps se incorpor\u00f3 a <a href=\"https:\/\/www.people20.com\/our-capabilities\/\">People2.0 -la<\/a>mayor plataforma mundial de servicios de empleador registrado (EOR) y agente registrado (AOR)- en marzo de 2020 y ha sido director de Servicios Compartidos durante casi 2 a\u00f1os. En su puesto, es responsable de dirigir y gestionar todas las actividades transaccionales y operativas centralizadas de apoyo a las n\u00f3minas y la facturaci\u00f3n. Cuenta con una carrera de 45 a\u00f1os como profesional de n\u00f3minas que abarca muchos sectores, desde v\u00e1lvulas industriales hasta servicios de terapia de rehabilitaci\u00f3n y gesti\u00f3n de bases de datos.  &nbsp;<\/p>\n<p>En 2011, Phipps fue nombrado \u00abHombre de la n\u00f3mina del a\u00f1o\u00bb de la APA. Durante los 10 a\u00f1os siguientes, Phipps desempe\u00f1\u00f3 varias funciones dentro de la APA, como Presidente del Comit\u00e9 de Subvenciones Educativas y miembro de la Junta de Asesores de una de las regiones de la organizaci\u00f3n, adem\u00e1s de participar como voluntario en otros comit\u00e9s. &nbsp;<\/p>\n<p>\u00abSer presidente de la APA mientras desempe\u00f1o mis funciones en People2.0 me ha permitido aportar una perspectiva \u00fanica a la asociaci\u00f3n\u00bb, afirm\u00f3. \u00abMi familiaridad con las necesidades de las empresas que ofrecen trabajo contingente, en lugar de acuerdos de trabajo tradicionales, me permite ser la voz de todo un grupo demogr\u00e1fico que de otro modo podr\u00eda haber sido pasado por alto. Por otro lado, trabajar dentro de la APA me permite aportar una visi\u00f3n fresca a los clientes de People2.0 a los que apoyamos cada d\u00eda.\u00bb &nbsp;<\/p>\n<p>Phipps a\u00f1adi\u00f3: \u00abComo volvemos a las reuniones en persona en 2022, quiero conocer a tantos miembros como pueda. Adem\u00e1s, ser\u00eda un honor asistir a las reuniones programadas de nuestros cap\u00edtulos de la APA para interactuar con nuestros miembros.\u00bb El segundo mandato de Phipps comenzar\u00e1 en mayo de 2022. &nbsp;<\/p>\n<p style=\"text-align: center\">###&nbsp;<\/p>\n","protected":false},"excerpt":{"rendered":"<p>King of Prussia, PA &#8211; 7 de marzo de 2022 &#8211; Seg\u00fan lo anunciado recientemente por la Asociaci\u00f3n Americana de N\u00f3mina (APA), el Director de Servicios Compartidos de People2.0, Bruce Phipps, servir\u00e1 un segundo mandato como presidente de la APA. Miembro de la APA desde 1988 y Certified Payroll Professional (CPP), Phipps continuar\u00e1 su presidencia a la luz de los cambios en el liderazgo. <\/p>\n","protected":false},"author":1,"featured_media":22448,"parent":0,"comment_status":"open","ping_status":"open","template":"","format":"standard","meta":{"_acf_changed":false,"content-type":"","footnotes":""},"categories":[1172,1177],"tags":[],"class_list":["post-26184","company-news","type-company-news","status-publish","format-standard","has-post-thumbnail","hentry","category-multisite-location-es","category-all-global-es"],"acf":[],"yoast_head":"<!-- This site is optimized with the Yoast SEO plugin v27.4 - https:\/\/yoast.com\/product\/yoast-seo-wordpress\/ -->\n<title>La Asociaci\u00f3n Americana de N\u00f3minas anuncia que Bruce Phipps, CPP, Director de Servicios Compartidos de People2.0, ocupar\u00e1 su segundo mandato presidencial &#8211; People2.0 | Global<\/title>\n<meta name=\"description\" content=\"Miembro de la APA desde 1988 y Profesional Certificado en N\u00f3minas (CPP), Phipps continuar\u00e1 su presidencia ante los cambios de liderazgo.\" \/>\n<meta name=\"robots\" content=\"index, follow, max-snippet:-1, max-image-preview:large, max-video-preview:-1\" \/>\n<link rel=\"canonical\" href=\"https:\/\/www.people20.com\/es\/company-news\/american-payroll-association-announces-bruce-phipps-cpp-director-of-shared-services-people2-0-to-serve-second-presidential-term-2\/\" \/>\n<meta property=\"og:locale\" content=\"es_ES\" \/>\n<meta property=\"og:type\" content=\"article\" \/>\n<meta property=\"og:title\" content=\"La Asociaci\u00f3n Americana de N\u00f3minas anuncia que Bruce Phipps, CPP, Director de Servicios Compartidos de People2.0, ocupar\u00e1 su segundo mandato presidencial &#8211; People2.0 | Global\" \/>\n<meta property=\"og:description\" content=\"Miembro de la APA desde 1988 y Profesional Certificado en N\u00f3minas (CPP), Phipps continuar\u00e1 su presidencia ante los cambios de liderazgo.\" \/>\n<meta property=\"og:url\" content=\"https:\/\/www.people20.com\/es\/company-news\/american-payroll-association-announces-bruce-phipps-cpp-director-of-shared-services-people2-0-to-serve-second-presidential-term-2\/\" \/>\n<meta property=\"og:site_name\" content=\"People2.0 | Global\" \/>\n<meta property=\"article:modified_time\" content=\"2025-12-12T19:55:32+00:00\" \/>\n<meta property=\"og:image\" content=\"https:\/\/www.people20.com\/wp-content\/uploads\/2025\/09\/default-featured-blog-image-e1759425826602.png\" \/>\n\t<meta property=\"og:image:width\" content=\"2000\" \/>\n\t<meta property=\"og:image:height\" content=\"1350\" \/>\n\t<meta property=\"og:image:type\" content=\"image\/png\" \/>\n<meta name=\"twitter:card\" content=\"summary_large_image\" \/>\n<meta name=\"twitter:label1\" content=\"Tiempo de lectura\" \/>\n\t<meta name=\"twitter:data1\" content=\"2 minutos\" \/>\n<!-- \/ Yoast SEO plugin. -->","yoast_head_json":{"title":"La Asociaci\u00f3n Americana de N\u00f3minas anuncia que Bruce Phipps, CPP, Director de Servicios Compartidos de People2.0, ocupar\u00e1 su segundo mandato presidencial &#8211; People2.0 | Global","description":"Miembro de la APA desde 1988 y Profesional Certificado en N\u00f3minas (CPP), Phipps continuar\u00e1 su presidencia ante los cambios de liderazgo.","robots":{"index":"index","follow":"follow","max-snippet":"max-snippet:-1","max-image-preview":"max-image-preview:large","max-video-preview":"max-video-preview:-1"},"canonical":"https:\/\/www.people20.com\/es\/company-news\/american-payroll-association-announces-bruce-phipps-cpp-director-of-shared-services-people2-0-to-serve-second-presidential-term-2\/","og_locale":"es_ES","og_type":"article","og_title":"La Asociaci\u00f3n Americana de N\u00f3minas anuncia que Bruce Phipps, CPP, Director de Servicios Compartidos de People2.0, ocupar\u00e1 su segundo mandato presidencial &#8211; People2.0 | Global","og_description":"Miembro de la APA desde 1988 y Profesional Certificado en N\u00f3minas (CPP), Phipps continuar\u00e1 su presidencia ante los cambios de liderazgo.","og_url":"https:\/\/www.people20.com\/es\/company-news\/american-payroll-association-announces-bruce-phipps-cpp-director-of-shared-services-people2-0-to-serve-second-presidential-term-2\/","og_site_name":"People2.0 | Global","article_modified_time":"2025-12-12T19:55:32+00:00","og_image":[{"width":2000,"height":1350,"url":"https:\/\/www.people20.com\/wp-content\/uploads\/2025\/09\/default-featured-blog-image-e1759425826602.png","type":"image\/png"}],"twitter_card":"summary_large_image","twitter_misc":{"Tiempo de lectura":"2 minutos"},"schema":{"@context":"https:\/\/schema.org","@graph":[{"@type":"WebPage","@id":"https:\/\/www.people20.com\/es\/company-news\/american-payroll-association-announces-bruce-phipps-cpp-director-of-shared-services-people2-0-to-serve-second-presidential-term-2\/","url":"https:\/\/www.people20.com\/es\/company-news\/american-payroll-association-announces-bruce-phipps-cpp-director-of-shared-services-people2-0-to-serve-second-presidential-term-2\/","name":"La Asociaci\u00f3n Americana de N\u00f3minas anuncia que Bruce Phipps, CPP, Director de Servicios Compartidos de People2.0, ocupar\u00e1 su segundo mandato presidencial &#8211; People2.0 | Global","isPartOf":{"@id":"https:\/\/www.people20.com\/es\/#website"},"primaryImageOfPage":{"@id":"https:\/\/www.people20.com\/es\/company-news\/american-payroll-association-announces-bruce-phipps-cpp-director-of-shared-services-people2-0-to-serve-second-presidential-term-2\/#primaryimage"},"image":{"@id":"https:\/\/www.people20.com\/es\/company-news\/american-payroll-association-announces-bruce-phipps-cpp-director-of-shared-services-people2-0-to-serve-second-presidential-term-2\/#primaryimage"},"thumbnailUrl":"https:\/\/www.people20.com\/wp-content\/uploads\/2025\/09\/default-featured-blog-image-e1759425826602.png","datePublished":"2022-03-05T03:24:00+00:00","dateModified":"2025-12-12T19:55:32+00:00","description":"Miembro de la APA desde 1988 y Profesional Certificado en N\u00f3minas (CPP), Phipps continuar\u00e1 su presidencia ante los cambios de liderazgo.","breadcrumb":{"@id":"https:\/\/www.people20.com\/es\/company-news\/american-payroll-association-announces-bruce-phipps-cpp-director-of-shared-services-people2-0-to-serve-second-presidential-term-2\/#breadcrumb"},"inLanguage":"es","potentialAction":[{"@type":"ReadAction","target":["https:\/\/www.people20.com\/es\/company-news\/american-payroll-association-announces-bruce-phipps-cpp-director-of-shared-services-people2-0-to-serve-second-presidential-term-2\/"]}]},{"@type":"ImageObject","inLanguage":"es","@id":"https:\/\/www.people20.com\/es\/company-news\/american-payroll-association-announces-bruce-phipps-cpp-director-of-shared-services-people2-0-to-serve-second-presidential-term-2\/#primaryimage","url":"https:\/\/www.people20.com\/wp-content\/uploads\/2025\/09\/default-featured-blog-image-e1759425826602.png","contentUrl":"https:\/\/www.people20.com\/wp-content\/uploads\/2025\/09\/default-featured-blog-image-e1759425826602.png","width":2000,"height":1350},{"@type":"BreadcrumbList","@id":"https:\/\/www.people20.com\/es\/company-news\/american-payroll-association-announces-bruce-phipps-cpp-director-of-shared-services-people2-0-to-serve-second-presidential-term-2\/#breadcrumb","itemListElement":[{"@type":"ListItem","position":1,"name":"Home","item":"https:\/\/www.people20.com\/es\/"},{"@type":"ListItem","position":2,"name":"Noticias","item":"https:\/\/www.people20.com\/es\/news-archive\/"},{"@type":"ListItem","position":3,"name":"La Asociaci\u00f3n Americana de N\u00f3minas anuncia que Bruce Phipps, CPP, Director de Servicios Compartidos de People2.0, ocupar\u00e1 su segundo mandato presidencial"}]},{"@type":"WebSite","@id":"https:\/\/www.people20.com\/es\/#website","url":"https:\/\/www.people20.com\/es\/","name":"People2.0 | Global","description":"Global employment, simplified.","publisher":{"@id":"https:\/\/www.people20.com\/es\/#organization"},"potentialAction":[{"@type":"SearchAction","target":{"@type":"EntryPoint","urlTemplate":"https:\/\/www.people20.com\/es\/?s={search_term_string}"},"query-input":{"@type":"PropertyValueSpecification","valueRequired":true,"valueName":"search_term_string"}}],"inLanguage":"es"},{"@type":"Organization","@id":"https:\/\/www.people20.com\/es\/#organization","name":"People2.0 | Global","url":"https:\/\/www.people20.com\/es\/","logo":{"@type":"ImageObject","inLanguage":"es","@id":"https:\/\/www.people20.com\/es\/#\/schema\/logo\/image\/","url":"https:\/\/www.people20.com\/wp-content\/uploads\/2025\/05\/people20-logo.svg","contentUrl":"https:\/\/www.people20.com\/wp-content\/uploads\/2025\/05\/people20-logo.svg","caption":"People2.0 | Global"},"image":{"@id":"https:\/\/www.people20.com\/es\/#\/schema\/logo\/image\/"}}]}},"_links":{"self":[{"href":"https:\/\/www.people20.com\/es\/wp-json\/wp\/v2\/news\/26184","targetHints":{"allow":["GET"]}}],"collection":[{"href":"https:\/\/www.people20.com\/es\/wp-json\/wp\/v2\/news"}],"about":[{"href":"https:\/\/www.people20.com\/es\/wp-json\/wp\/v2\/types\/company-news"}],"author":[{"embeddable":true,"href":"https:\/\/www.people20.com\/es\/wp-json\/wp\/v2\/users\/1"}],"replies":[{"embeddable":true,"href":"https:\/\/www.people20.com\/es\/wp-json\/wp\/v2\/comments?post=26184"}],"version-history":[{"count":1,"href":"https:\/\/www.people20.com\/es\/wp-json\/wp\/v2\/news\/26184\/revisions"}],"predecessor-version":[{"id":35478,"href":"https:\/\/www.people20.com\/es\/wp-json\/wp\/v2\/news\/26184\/revisions\/35478"}],"wp:featuredmedia":[{"embeddable":true,"href":"https:\/\/www.people20.com\/es\/wp-json\/wp\/v2\/media\/22448"}],"wp:attachment":[{"href":"https:\/\/www.people20.com\/es\/wp-json\/wp\/v2\/media?parent=26184"}],"wp:term":[{"taxonomy":"category","embeddable":true,"href":"https:\/\/www.people20.com\/es\/wp-json\/wp\/v2\/categories?post=26184"},{"taxonomy":"post_tag","embeddable":true,"href":"https:\/\/www.people20.com\/es\/wp-json\/wp\/v2\/tags?post=26184"}],"curies":[{"name":"wp","href":"https:\/\/api.w.org\/{rel}","templated":true}]}}