{"id":26205,"date":"2023-09-05T13:03:00","date_gmt":"2023-09-05T17:03:00","guid":{"rendered":"https:\/\/www.people20.com\/company-news\/people2-0-ernennt-matt-levin-zum-vorstandsvorsitzenden\/"},"modified":"2023-09-05T13:03:00","modified_gmt":"2023-09-05T17:03:00","slug":"people2-0-names-matt-levin-as-chief-executive-officer-2","status":"publish","type":"company-news","link":"https:\/\/www.people20.com\/de\/company-news\/people2-0-names-matt-levin-as-chief-executive-officer-2\/","title":{"rendered":"People2.0 ernennt Matt Levin zum Vorstandsvorsitzenden"},"content":{"rendered":"<p><span class=\"TextRun SCXW98985951 BCX0\" lang=\"EN-US\" xml_lang=\"EN-US\" data-contrast=\"auto\"><span class=\"NormalTextRun SCXW98985951 BCX0\">King of Prussia, PA &#8211; <\/span><span class=\"NormalTextRun SCXW98985951 BCX0\">5. September<\/span><span class=\"NormalTextRun SCXW98985951 BCX0\">, 2023 &#8211; <\/span> <\/span><span class=\"TextRun SCXW98985951 BCX0\" lang=\"EN-US\" xml_lang=\"EN-US\" data-contrast=\"auto\"><br \/>\n  <span class=\"NormalTextRun SCXW98985951 BCX0\">People2.0, der weltweit gr\u00f6\u00dfte Anbieter von Employer-of-Record- (EOR) und Agent-of-Record- (AOR) Dienstleistungen,<\/span><br \/>\n<\/span> <span class=\"TextRun SCXW98985951 BCX0\" lang=\"EN-US\" xml_lang=\"EN-US\" data-contrast=\"auto\"><br \/>\n  <span class=\"NormalTextRun SCXW98985951 BCX0\">gab heute die Ernennung von Matt Levin zum Chief Executive Officer bekannt, <\/span><br \/>\n  <span class=\"NormalTextRun SCXW98985951 BCX0\">mit Wirkung <\/span><br \/>\n  <span class=\"NormalTextRun SCXW98985951 BCX0\">ab sofort<\/span><br \/>\n  <span class=\"NormalTextRun SCXW98985951 BCX0\">. <\/span><br \/>\n  <span class=\"NormalTextRun SCXW98985951 BCX0\">Levin folgt auf <\/span><br \/>\n  <span class=\"NormalTextRun SCXW98985951 BCX0\">Erik Vo<\/span><br \/>\n  <span class=\"NormalTextRun SCXW98985951 BCX0\">nk, der weiterhin seine Rolle als <\/span><br \/>\n  <span class=\"NormalTextRun SCXW98985951 BCX0\">Vorsitzender<\/span><br \/>\n  <span class=\"NormalTextRun SCXW98985951 BCX0\"> von People2.0<\/span><br \/>\n  <span class=\"NormalTextRun SCXW98985951 BCX0\">.<\/span><br \/>\n<\/span><span class=\"EOP SCXW98985951 BCX0\" data-ccp-props=\"{\"201341983\":0,\"335559739\":0,\"335559740\":240}\"> <\/span><\/p>\n<p><span class=\"TextRun SCXW48397155 BCX0\" lang=\"EN-US\" xml_lang=\"EN-US\" data-contrast=\"auto\"><span class=\"NormalTextRun SCXW48397155 BCX0\">&#8222;Wir freuen uns, dass wir  <\/span><span class=\"NormalTextRun SCXW48397155 BCX0\">Matt<\/span><span class=\"NormalTextRun SCXW48397155 BCX0\">  als CEO<\/span> <span class=\"NormalTextRun SCXW48397155 BCX0\">von People2.0<\/span><span class=\"NormalTextRun SCXW48397155 BCX0\">,&#8220;  <\/span><span class=\"NormalTextRun SCXW48397155 BCX0\">sagte  <\/span><span class=\"NormalTextRun SCXW48397155 BCX0\">Vonk. &#8222;<\/span><span class=\"NormalTextRun SCXW48397155 BCX0\">Mit  <\/span><span class=\"NormalTextRun SCXW48397155 BCX0\">mehr als  <\/span><span class=\"NormalTextRun SCXW48397155 BCX0\">zwei Jahrzehnte  <\/span><span class=\"NormalTextRun SCXW48397155 BCX0\">von F\u00fchrungserfahrung in  <\/span><span class=\"NormalTextRun SCXW48397155 BCX0\">Humankapital  <\/span><span class=\"NormalTextRun SCXW48397155 BCX0\">Management  <\/span><span class=\"NormalTextRun SCXW48397155 BCX0\">Dienstleistungen und Technologie,  <\/span><span class=\"NormalTextRun SCXW48397155 BCX0\">Vorteile,  <\/span><span class=\"NormalTextRun SCXW48397155 BCX0\">und  <\/span><span class=\"NormalTextRun SCXW48397155 BCX0\">Krankenkasse<\/span><span class=\"NormalTextRun SCXW48397155 BCX0\">,<\/span><span class=\"NormalTextRun SCXW48397155 BCX0\">  und eine beeindruckende  <\/span><span class=\"NormalTextRun SCXW48397155 BCX0\">Erfolgsbilanz<\/span><span class=\"NormalTextRun SCXW48397155 BCX0\">  Aufbau von Unternehmen zu Branchenf\u00fchrern<\/span><span class=\"NormalTextRun SCXW48397155 BCX0\">ist Matt ideal geeignet, um People2.0 in den folgenden Bereichen zu leiten  <\/span><span class=\"NormalTextRun SCXW48397155 BCX0\">die<\/span> <span class=\"NormalTextRun SCXW48397155 BCX0\">n\u00e4chste Phase der  <\/span><span class=\"NormalTextRun SCXW48397155 BCX0\">seine Entwicklung<\/span><span class=\"NormalTextRun SCXW48397155 BCX0\">.<\/span><span class=\"NormalTextRun SCXW48397155 BCX0\">  Matt passt auch kulturell sehr gut zu unserem  <\/span><span class=\"NormalTextRun ContextualSpellingAndGrammarErrorV2Themed SCXW48397155 BCX0\">oder<\/span><span class=\"NormalTextRun ContextualSpellingAndGrammarErrorV2Themed SCXW48397155 BCX0\">ganisation<\/span><span class=\"NormalTextRun SCXW48397155 BCX0\">  a<\/span><span class=\"NormalTextRun SCXW48397155 BCX0\">und ich freue mich auf eine enge Zusammenarbeit mit ihm  <\/span><span class=\"NormalTextRun SCXW48397155 BCX0\">zu<\/span> <span class=\"NormalTextRun SCXW48397155 BCX0\">unser weiteres Wachstum vorantreiben<\/span><span class=\"NormalTextRun SCXW48397155 BCX0\">.<\/span><span class=\"NormalTextRun SCXW48397155 BCX0\">&#8222;<\/span><\/span><span class=\"EOP SCXW48397155 BCX0\" data-ccp-props=\"{\"201341983\":0,\"335559739\":0,\"335559740\":240}\"> <\/span><\/p>\n<p><span class=\"TextRun SCXW140701712 BCX0\" lang=\"EN-US\" xml_lang=\"EN-US\" data-contrast=\"auto\"><span class=\"NormalTextRun SCXW140701712 BCX0\">Levin tritt bei  <\/span><span class=\"NormalTextRun SCXW140701712 BCX0\">Menschen2.0<\/span><span class=\"NormalTextRun SCXW140701712 BCX0\">  von  <\/span><span class=\"NormalTextRun SpellingErrorV2Themed SCXW140701712 BCX0\">Benefitfocus<\/span><span class=\"NormalTextRun SCXW140701712 BCX0\">wo er bisher als<\/span><span class=\"NormalTextRun SCXW140701712 BCX0\">  Pr\u00e4sident und<\/span><span class=\"NormalTextRun SCXW140701712 BCX0\">  CEO seit 2021<\/span><span class=\"NormalTextRun SCXW140701712 BCX0\">  und leitete den erfolgreichen Verkauf des Unternehmens an Voya Financial Anfang dieses Jahres<\/span><span class=\"NormalTextRun SCXW140701712 BCX0\">.  <\/span><span class=\"NormalTextRun SCXW140701712 BCX0\">Zuvor war er als Chief Strategy Officer bei ADP t\u00e4tig.<\/span><span class=\"NormalTextRun SCXW140701712 BCX0\">  wo er  <\/span><span class=\"NormalTextRun SCXW140701712 BCX0\">war verantwortlich f\u00fcr die allgemeine Wachstumsstrategie des Unternehmens, die Unternehmensentwicklung, ADP Ventures<\/span><span class=\"NormalTextRun SCXW140701712 BCX0\">,<\/span><span class=\"NormalTextRun SCXW140701712 BCX0\">  und das ADP-Forschungsinstitut.<\/span><span class=\"NormalTextRun SCXW140701712 BCX0\">  Zu Beginn seiner Karriere<\/span><span class=\"NormalTextRun SCXW140701712 BCX0\">,<\/span><span class=\"NormalTextRun SCXW140701712 BCX0\">  Levin hatte leitende Positionen inne bei  <\/span><span class=\"NormalTextRun SCXW140701712 BCX0\">Aon  <\/span><span class=\"NormalTextRun SCXW140701712 BCX0\">PLC<\/span> <span class=\"NormalTextRun SCXW140701712 BCX0\">und  <\/span><span class=\"NormalTextRun SCXW140701712 BCX0\">Hewitt-Mitarbeiter<\/span><span class=\"NormalTextRun SCXW140701712 BCX0\">s. Er <\/span> <span class=\"NormalTextRun SCXW140701712 BCX0\"> war eines der Hauptmitglieder des Teams, das den <\/span><span class=\"NormalTextRun AdvancedProofingIssueV2Themed SCXW140701712 BCX0\">4,9 Milliarden Dollar<\/span><span class=\"NormalTextRun SCXW140701712 BCX0\"> Fusion zwischen Aon Consulting und Hewitt Associates leitete, aus der ein branchenf\u00fchrendes Unternehmen f\u00fcr Sozialleistungen und Humanressourcenl\u00f6sungen hervorging.<\/span> <span class=\"NormalTextRun SCXW140701712 BCX0\">Levin hat einen Master<\/span><span class=\"NormalTextRun SCXW140701712 BCX0\">&#8218;<\/span><span class=\"NormalTextRun SCXW140701712 BCX0\">Abschluss in Betriebswirtschaft von der University of Chicago Booth School of Business und einen Bachelor<\/span><span class=\"NormalTextRun SCXW140701712 BCX0\">&#8218;<\/span><span class=\"NormalTextRun SCXW140701712 BCX0\">Bachelor-Abschluss der Northwestern University.<\/span><\/span><span class=\"EOP SCXW140701712 BCX0\" data-ccp-props=\"{\"201341983\":0,\"335559739\":0,\"335559740\":240}\"> <\/span><\/p>\n<p><span class=\"TextRun SCXW51924505 BCX0\" lang=\"EN-US\" xml_lang=\"EN-US\" data-contrast=\"auto\"><span class=\"NormalTextRun SCXW51924505 BCX0\">&#8222;<\/span><span class=\"NormalTextRun SCXW51924505 BCX0\">Der moderne Arbeitsplatz unterliegt einem bemerkenswerten Wandel, der durch den technologischen Fortschritt vorangetrieben wird<\/span><span class=\"NormalTextRun SCXW51924505 BCX0\">  und  <\/span><span class=\"NormalTextRun SCXW51924505 BCX0\">evolv<\/span><span class=\"NormalTextRun SCXW51924505 BCX0\">Erwartungen in Bezug auf flexible<\/span><span class=\"NormalTextRun SCXW51924505 BCX0\">, auf Abruf<\/span><span class=\"NormalTextRun SCXW51924505 BCX0\">,<\/span><span class=\"NormalTextRun SCXW51924505 BCX0\">  und Fernarbeit&#8220;, sagte Levin. &#8222;Die   <\/span><span class=\"NormalTextRun SCXW51924505 BCX0\">Bedarf an  <\/span><span class=\"NormalTextRun SCXW51924505 BCX0\">hochwertig und effizient  <\/span><span class=\"NormalTextRun SCXW51924505 BCX0\">ausgelagerte HR-Dienstleistungen zur Verwaltung  <\/span><span class=\"NormalTextRun SCXW51924505 BCX0\">Ihr  <\/span><span class=\"NormalTextRun SCXW51924505 BCX0\">Arbeitskr\u00e4fte<\/span><span class=\"NormalTextRun SCXW51924505 BCX0\">  war noch nie so kritisch wie heute<\/span><span class=\"NormalTextRun SCXW51924505 BCX0\">.  <\/span><span class=\"NormalTextRun SCXW51924505 BCX0\">Menschen2.0  <\/span><span class=\"NormalTextRun SCXW51924505 BCX0\">hat auf diesem Markt eine Vorreiterrolle eingenommen und  <\/span><span class=\"NormalTextRun SCXW51924505 BCX0\">w<\/span><span class=\"NormalTextRun SCXW51924505 BCX0\">mit  <\/span><span class=\"NormalTextRun SCXW51924505 BCX0\">einer von  <\/span><span class=\"NormalTextRun SCXW51924505 BCX0\">die meisten  <\/span><span class=\"NormalTextRun SCXW51924505 BCX0\">umfassende globale Dienstleistungsplattform<\/span><span class=\"NormalTextRun SCXW51924505 BCX0\">s,  <\/span><span class=\"NormalTextRun SCXW51924505 BCX0\">das Unternehmen  <\/span><span class=\"NormalTextRun SCXW51924505 BCX0\">ist gut positioniert, um  <\/span><span class=\"NormalTextRun SCXW51924505 BCX0\">seine F\u00fchrungsrolle weiter ausbauen  <\/span><span class=\"NormalTextRun SCXW51924505 BCX0\">als Erm\u00f6glicher  <\/span><span class=\"NormalTextRun SCXW51924505 BCX0\">einer zeitgem\u00e4\u00dfen, flexiblen Arbeitsgestaltung  <\/span><span class=\"NormalTextRun SCXW51924505 BCX0\">rund um die Welt<\/span><span class=\"NormalTextRun SCXW51924505 BCX0\">.  <\/span><span class=\"NormalTextRun SCXW51924505 BCX0\">Ich bin<\/span><span class=\"NormalTextRun SCXW51924505 BCX0\">  begierig auf eine Partnerschaft mit  <\/span><span class=\"NormalTextRun SCXW51924505 BCX0\">Erik und  <\/span><span class=\"NormalTextRun SCXW51924505 BCX0\">das Team zu  <\/span><span class=\"NormalTextRun SCXW51924505 BCX0\">vermarkten  <\/span><span class=\"NormalTextRun SCXW51924505 BCX0\">die vor uns liegenden M\u00f6glichkeiten&#8220;.<\/span><\/span><span class=\"EOP SCXW51924505 BCX0\" data-ccp-props=\"{\"201341983\":0,\"335559739\":0,\"335559740\":240}\"> <\/span><\/p>\n<p><span class=\"TextRun SCXW42592551 BCX0\" lang=\"EN-US\" xml_lang=\"EN-US\" data-contrast=\"auto\"><span class=\"NormalTextRun SCXW42592551 BCX0\">Levin<\/span><span class=\"NormalTextRun SCXW42592551 BCX0\"> tritt  bei <\/span><span class=\"NormalTextRun SCXW42592551 BCX0\">Menschen2.0 <\/span><span class=\"NormalTextRun SCXW42592551 BCX0\">zu einer Zeit, in der das Unternehmen einen erheblichen Aufschwung erlebt. Mit Unterst\u00fctzung von TPG und nach einer bedeutenden Investition von TPG Growth, der Mittelstands- und Wachstumskapitalplattform des Unternehmens, <\/span> <span class=\"NormalTextRun SCXW42592551 BCX0\">Menschen2.0  <\/span><span class=\"NormalTextRun SCXW42592551 BCX0\">hat  <\/span><span class=\"NormalTextRun SCXW42592551 BCX0\">hinzugef\u00fcgt.  <\/span><span class=\"NormalTextRun SCXW42592551 BCX0\">vier  <\/span><span class=\"NormalTextRun SCXW42592551 BCX0\">hochstrategisch<\/span> <span class=\"NormalTextRun SCXW42592551 BCX0\">\u00dcbernahmen<\/span> <span class=\"NormalTextRun SCXW42592551 BCX0\">und  <\/span><span class=\"NormalTextRun SCXW42592551 BCX0\">die Anzahl der Unternehmen erweitert<\/span><span class=\"NormalTextRun SCXW42592551 BCX0\">&#8211;<\/span><span class=\"NormalTextRun SCXW42592551 BCX0\">Eigentum und  <\/span><span class=\"NormalTextRun SCXW42592551 BCX0\">betrieben<\/span> <span class=\"NormalTextRun SCXW42592551 BCX0\">EOR\/AOR-Einrichtungen im Lande auf 52<\/span><span class=\"NormalTextRun SCXW42592551 BCX0\">, w\u00e4hrend  <\/span><span class=\"NormalTextRun SCXW42592551 BCX0\">weiterhin  <\/span><span class=\"NormalTextRun SCXW42592551 BCX0\">verbessern.<\/span> <span class=\"NormalTextRun SCXW42592551 BCX0\">das Unternehmen  <\/span><span class=\"NormalTextRun SCXW42592551 BCX0\">branchenf\u00fchrend<\/span><span class=\"NormalTextRun SCXW42592551 BCX0\">  Technologieplattform<\/span><span class=\"NormalTextRun SCXW42592551 BCX0\">tform.<\/span> <\/span><span class=\"EOP SCXW42592551 BCX0\" data-ccp-props=\"{\"201341983\":0,\"335559739\":0,\"335559740\":240}\"> <\/span><\/p>\n","protected":false},"excerpt":{"rendered":"<p>King of Prussia, PA &#8211; 5. September 2023 &#8211; People2.0, der weltweit gr\u00f6\u00dfte Anbieter von Employer-of-Record- (EOR) und Agent-of-Record- (AOR) Dienstleistungen, gab heute die Ernennung von Matt Levin zum Chief Executive Officer mit sofortiger Wirkung bekannt. Levin tritt die Nachfolge von Erik Vonk an, der seine Rolle als Chairman von People2.0 beibehalten wird. <\/p>\n","protected":false},"author":3,"featured_media":22447,"parent":0,"comment_status":"closed","ping_status":"closed","template":"","format":"standard","meta":{"_acf_changed":false,"content-type":"","footnotes":""},"categories":[1174,1178],"tags":[],"class_list":["post-26205","company-news","type-company-news","status-publish","format-standard","has-post-thumbnail","hentry","category-multisite-location-de","category-all-global-de"],"acf":[],"yoast_head":"<!-- This site is optimized with the Yoast SEO plugin v27.4 - https:\/\/yoast.com\/product\/yoast-seo-wordpress\/ -->\n<title>People2.0 ernennt Matt Levin zum Vorstandsvorsitzenden &#8211; People2.0 | Global<\/title>\n<meta name=\"robots\" content=\"index, follow, max-snippet:-1, max-image-preview:large, max-video-preview:-1\" \/>\n<link rel=\"canonical\" href=\"https:\/\/www.people20.com\/de\/company-news\/people2-0-names-matt-levin-as-chief-executive-officer-2\/\" \/>\n<meta property=\"og:locale\" content=\"de_DE\" \/>\n<meta property=\"og:type\" content=\"article\" \/>\n<meta property=\"og:title\" content=\"People2.0 ernennt Matt Levin zum Vorstandsvorsitzenden &#8211; People2.0 | Global\" \/>\n<meta property=\"og:description\" content=\"King of Prussia, PA - 5. September 2023 - People2.0, der weltweit gr\u00f6\u00dfte Anbieter von Employer-of-Record- (EOR) und Agent-of-Record- (AOR) Dienstleistungen, gab heute die Ernennung von Matt Levin zum Chief Executive Officer mit sofortiger Wirkung bekannt. Levin tritt die Nachfolge von Erik Vonk an, der seine Rolle als Chairman von People2.0 beibehalten wird.\" \/>\n<meta property=\"og:url\" content=\"https:\/\/www.people20.com\/de\/company-news\/people2-0-names-matt-levin-as-chief-executive-officer-2\/\" \/>\n<meta property=\"og:site_name\" content=\"People2.0 | Global\" \/>\n<meta property=\"og:image\" content=\"https:\/\/www.people20.com\/wp-content\/uploads\/2025\/09\/default-featured-blog-image-e1759425826602.png\" \/>\n\t<meta property=\"og:image:width\" content=\"2000\" \/>\n\t<meta property=\"og:image:height\" content=\"1350\" \/>\n\t<meta property=\"og:image:type\" content=\"image\/png\" \/>\n<meta name=\"twitter:card\" content=\"summary_large_image\" \/>\n<meta name=\"twitter:label1\" content=\"Gesch\u00e4tzte Lesezeit\" \/>\n\t<meta name=\"twitter:data1\" content=\"2 Minuten\" \/>\n<!-- \/ Yoast SEO plugin. -->","yoast_head_json":{"title":"People2.0 ernennt Matt Levin zum Vorstandsvorsitzenden &#8211; People2.0 | Global","robots":{"index":"index","follow":"follow","max-snippet":"max-snippet:-1","max-image-preview":"max-image-preview:large","max-video-preview":"max-video-preview:-1"},"canonical":"https:\/\/www.people20.com\/de\/company-news\/people2-0-names-matt-levin-as-chief-executive-officer-2\/","og_locale":"de_DE","og_type":"article","og_title":"People2.0 ernennt Matt Levin zum Vorstandsvorsitzenden &#8211; People2.0 | Global","og_description":"King of Prussia, PA - 5. September 2023 - People2.0, der weltweit gr\u00f6\u00dfte Anbieter von Employer-of-Record- (EOR) und Agent-of-Record- (AOR) Dienstleistungen, gab heute die Ernennung von Matt Levin zum Chief Executive Officer mit sofortiger Wirkung bekannt. Levin tritt die Nachfolge von Erik Vonk an, der seine Rolle als Chairman von People2.0 beibehalten wird.","og_url":"https:\/\/www.people20.com\/de\/company-news\/people2-0-names-matt-levin-as-chief-executive-officer-2\/","og_site_name":"People2.0 | Global","og_image":[{"width":2000,"height":1350,"url":"https:\/\/www.people20.com\/wp-content\/uploads\/2025\/09\/default-featured-blog-image-e1759425826602.png","type":"image\/png"}],"twitter_card":"summary_large_image","twitter_misc":{"Gesch\u00e4tzte Lesezeit":"2 Minuten"},"schema":{"@context":"https:\/\/schema.org","@graph":[{"@type":"WebPage","@id":"https:\/\/www.people20.com\/de\/company-news\/people2-0-names-matt-levin-as-chief-executive-officer-2\/","url":"https:\/\/www.people20.com\/de\/company-news\/people2-0-names-matt-levin-as-chief-executive-officer-2\/","name":"People2.0 ernennt Matt Levin zum Vorstandsvorsitzenden &#8211; People2.0 | Global","isPartOf":{"@id":"https:\/\/www.people20.com\/de\/#website"},"primaryImageOfPage":{"@id":"https:\/\/www.people20.com\/de\/company-news\/people2-0-names-matt-levin-as-chief-executive-officer-2\/#primaryimage"},"image":{"@id":"https:\/\/www.people20.com\/de\/company-news\/people2-0-names-matt-levin-as-chief-executive-officer-2\/#primaryimage"},"thumbnailUrl":"https:\/\/www.people20.com\/wp-content\/uploads\/2025\/09\/default-featured-blog-image-e1759425826602.png","datePublished":"2023-09-05T17:03:00+00:00","breadcrumb":{"@id":"https:\/\/www.people20.com\/de\/company-news\/people2-0-names-matt-levin-as-chief-executive-officer-2\/#breadcrumb"},"inLanguage":"de","potentialAction":[{"@type":"ReadAction","target":["https:\/\/www.people20.com\/de\/company-news\/people2-0-names-matt-levin-as-chief-executive-officer-2\/"]}]},{"@type":"ImageObject","inLanguage":"de","@id":"https:\/\/www.people20.com\/de\/company-news\/people2-0-names-matt-levin-as-chief-executive-officer-2\/#primaryimage","url":"https:\/\/www.people20.com\/wp-content\/uploads\/2025\/09\/default-featured-blog-image-e1759425826602.png","contentUrl":"https:\/\/www.people20.com\/wp-content\/uploads\/2025\/09\/default-featured-blog-image-e1759425826602.png","width":2000,"height":1350},{"@type":"BreadcrumbList","@id":"https:\/\/www.people20.com\/de\/company-news\/people2-0-names-matt-levin-as-chief-executive-officer-2\/#breadcrumb","itemListElement":[{"@type":"ListItem","position":1,"name":"Home","item":"https:\/\/www.people20.com\/de\/home\/"},{"@type":"ListItem","position":2,"name":"Nachrichten","item":"https:\/\/www.people20.com\/de\/news-archive\/"},{"@type":"ListItem","position":3,"name":"People2.0 ernennt Matt Levin zum Vorstandsvorsitzenden"}]},{"@type":"WebSite","@id":"https:\/\/www.people20.com\/de\/#website","url":"https:\/\/www.people20.com\/de\/","name":"People2.0 | Global","description":"Global employment, simplified.","publisher":{"@id":"https:\/\/www.people20.com\/de\/#organization"},"potentialAction":[{"@type":"SearchAction","target":{"@type":"EntryPoint","urlTemplate":"https:\/\/www.people20.com\/de\/?s={search_term_string}"},"query-input":{"@type":"PropertyValueSpecification","valueRequired":true,"valueName":"search_term_string"}}],"inLanguage":"de"},{"@type":"Organization","@id":"https:\/\/www.people20.com\/de\/#organization","name":"People2.0 | Global","url":"https:\/\/www.people20.com\/de\/","logo":{"@type":"ImageObject","inLanguage":"de","@id":"https:\/\/www.people20.com\/de\/#\/schema\/logo\/image\/","url":"https:\/\/www.people20.com\/wp-content\/uploads\/2025\/05\/people20-logo.svg","contentUrl":"https:\/\/www.people20.com\/wp-content\/uploads\/2025\/05\/people20-logo.svg","caption":"People2.0 | Global"},"image":{"@id":"https:\/\/www.people20.com\/de\/#\/schema\/logo\/image\/"}}]}},"_links":{"self":[{"href":"https:\/\/www.people20.com\/de\/wp-json\/wp\/v2\/news\/26205","targetHints":{"allow":["GET"]}}],"collection":[{"href":"https:\/\/www.people20.com\/de\/wp-json\/wp\/v2\/news"}],"about":[{"href":"https:\/\/www.people20.com\/de\/wp-json\/wp\/v2\/types\/company-news"}],"author":[{"embeddable":true,"href":"https:\/\/www.people20.com\/de\/wp-json\/wp\/v2\/users\/3"}],"replies":[{"embeddable":true,"href":"https:\/\/www.people20.com\/de\/wp-json\/wp\/v2\/comments?post=26205"}],"version-history":[{"count":0,"href":"https:\/\/www.people20.com\/de\/wp-json\/wp\/v2\/news\/26205\/revisions"}],"wp:featuredmedia":[{"embeddable":true,"href":"https:\/\/www.people20.com\/de\/wp-json\/wp\/v2\/media\/22447"}],"wp:attachment":[{"href":"https:\/\/www.people20.com\/de\/wp-json\/wp\/v2\/media?parent=26205"}],"wp:term":[{"taxonomy":"category","embeddable":true,"href":"https:\/\/www.people20.com\/de\/wp-json\/wp\/v2\/categories?post=26205"},{"taxonomy":"post_tag","embeddable":true,"href":"https:\/\/www.people20.com\/de\/wp-json\/wp\/v2\/tags?post=26205"}],"curies":[{"name":"wp","href":"https:\/\/api.w.org\/{rel}","templated":true}]}}