{"id":26185,"date":"2022-03-04T22:24:00","date_gmt":"2022-03-05T03:24:00","guid":{"rendered":"https:\/\/www.people20.com\/company-news\/american-payroll-association-kuendigt-bruce-phipps-cpp-direktor-von-shared-services-people2-0-fuer-die-zweite-amtszeit-als-praesident-an\/"},"modified":"2025-12-12T14:55:32","modified_gmt":"2025-12-12T19:55:32","slug":"american-payroll-association-announces-bruce-phipps-cpp-director-of-shared-services-people2-0-to-serve-second-presidential-term-2","status":"publish","type":"company-news","link":"https:\/\/www.people20.com\/de\/company-news\/american-payroll-association-announces-bruce-phipps-cpp-director-of-shared-services-people2-0-to-serve-second-presidential-term-2\/","title":{"rendered":"American Payroll Association k\u00fcndigt Bruce Phipps, CPP, Direktor von Shared Services, People2.0, f\u00fcr die zweite Amtszeit als Pr\u00e4sident an"},"content":{"rendered":"<p><b>King of Prussia, PA &#8211; 7. M\u00e4rz 2022<\/b> &#8211; <a href=\"https:\/\/www.americanpayroll.org\/news-resources\/apa-news\/news-detail\/2022\/01\/05\/apa-leadership-changes-for-2022\">Wie k\u00fcrzlich von der American Payroll Association (APA) bekannt gegeben wurde<\/a>, wird Bruce Phipps, Director of Shared Services von People2.0, eine zweite Amtszeit als APA-Pr\u00e4sident antreten. Phipps, der seit 1988 Mitglied der APA und Certified Payroll Professional (CPP) ist, wird seine Pr\u00e4sidentschaft angesichts der F\u00fchrungswechsel fortsetzen.&nbsp;<\/p>\n<p>&#8222;Ich freue mich \u00fcber die M\u00f6glichkeit, eine weitere Amtszeit als APA-Pr\u00e4sident zu absolvieren. Diese Organisation spielt eine so wichtige Rolle, und ich f\u00fchle mich geehrt, dass ich sie weiterhin leiten darf&#8220;, sagte Phipps.&nbsp;<\/p>\n<p>Phipps kam im M\u00e4rz 2020 zu <a href=\"https:\/\/www.people20.com\/our-capabilities\/\">People2.0, der<\/a>weltweit gr\u00f6\u00dften Plattform f\u00fcr Employer-of-Record- (EOR) und Agent-of-Record- (AOR) Dienstleistungen, und ist seit fast 2 Jahren Director of Shared Services. In dieser Funktion ist er f\u00fcr die Leitung und Verwaltung aller zentralisierten Transaktions- und Betriebsaktivit\u00e4ten zur Unterst\u00fctzung der Lohn- und Gehaltsabrechnung verantwortlich. Er kann auf eine 45-j\u00e4hrige Karriere als Lohnbuchhalter zur\u00fcckblicken, die viele Branchen umfasst, von Industrieventilen \u00fcber Reha-Therapiedienste bis hin zum Datenbankmanagement.  &nbsp;<\/p>\n<p>Im Jahr 2011 wurde Phipps von der APA zum &#8222;Payroll Man of the Year&#8220; ernannt. In den folgenden 10 Jahren bekleidete Phipps mehrere Funktionen innerhalb der APA, darunter den Vorsitz des Ausschusses f\u00fcr Bildungszusch\u00fcsse und ein Mitglied des Beirats f\u00fcr eine der Regionen der Organisation, sowie ehrenamtliche T\u00e4tigkeiten in anderen Aussch\u00fcssen. &nbsp;<\/p>\n<p>&#8222;Die T\u00e4tigkeit als APA-Pr\u00e4sident w\u00e4hrend meiner T\u00e4tigkeit bei People2.0 hat es mir erm\u00f6glicht, eine einzigartige Perspektive in den Verband einzubringen&#8220;, sagte er. &#8222;Durch meine Vertrautheit mit den Bed\u00fcrfnissen von Unternehmen, die anstelle von traditionellen Arbeitsverh\u00e4ltnissen befristete Arbeitsverh\u00e4ltnisse anbieten, kann ich die Stimme einer ganzen Bev\u00f6lkerungsgruppe sein, die sonst vielleicht \u00fcbersehen worden w\u00e4re. Andererseits erm\u00f6glicht mir die Arbeit innerhalb der APA, den People2.0-Kunden, die wir t\u00e4glich unterst\u00fctzen, neue Einblicke zu geben.&#8220; &nbsp;<\/p>\n<p>Phipps f\u00fcgte hinzu: &#8222;Da wir im Jahr 2022 zu pers\u00f6nlichen Treffen zur\u00fcckkehren, m\u00f6chte ich so viele Mitglieder wie m\u00f6glich treffen. Au\u00dferdem w\u00e4re es mir eine Ehre, an den geplanten Sitzungen unserer APA-Sektionen teilzunehmen, um mit unseren Mitgliedern in Kontakt zu treten&#8220;. Phipps zweite Amtszeit wird im Mai 2022 beginnen. &nbsp;<\/p>\n<p style=\"text-align: center\">###&nbsp;<\/p>\n","protected":false},"excerpt":{"rendered":"<p>King of Prussia, PA &#8211; 7. M\u00e4rz 2022 &#8211; Wie k\u00fcrzlich von der American Payroll Association (APA) bekannt gegeben wurde, wird Bruce Phipps, Director of Shared Services von People2.0, eine zweite Amtszeit als APA-Pr\u00e4sident antreten. Phipps, der seit 1988 Mitglied der APA und Certified Payroll Professional (CPP) ist, wird seine Pr\u00e4sidentschaft angesichts des F\u00fchrungswechsels fortsetzen. <\/p>\n","protected":false},"author":1,"featured_media":22447,"parent":0,"comment_status":"open","ping_status":"open","template":"","format":"standard","meta":{"_acf_changed":false,"content-type":"","footnotes":""},"categories":[1174,1178],"tags":[],"class_list":["post-26185","company-news","type-company-news","status-publish","format-standard","has-post-thumbnail","hentry","category-multisite-location-de","category-all-global-de"],"acf":[],"yoast_head":"<!-- This site is optimized with the Yoast SEO plugin v27.4 - https:\/\/yoast.com\/product\/yoast-seo-wordpress\/ -->\n<title>American Payroll Association k\u00fcndigt Bruce Phipps, CPP, Direktor von Shared Services, People2.0, f\u00fcr die zweite Amtszeit als Pr\u00e4sident an &#8211; People2.0 | Global<\/title>\n<meta name=\"description\" content=\"Phipps, der seit 1988 Mitglied der APA und Certified Payroll Professional (CPP) ist, wird seine Pr\u00e4sidentschaft angesichts der F\u00fchrungswechsel fortsetzen.\" \/>\n<meta name=\"robots\" content=\"index, follow, max-snippet:-1, max-image-preview:large, max-video-preview:-1\" \/>\n<link rel=\"canonical\" href=\"https:\/\/www.people20.com\/de\/company-news\/american-payroll-association-announces-bruce-phipps-cpp-director-of-shared-services-people2-0-to-serve-second-presidential-term-2\/\" \/>\n<meta property=\"og:locale\" content=\"de_DE\" \/>\n<meta property=\"og:type\" content=\"article\" \/>\n<meta property=\"og:title\" content=\"American Payroll Association k\u00fcndigt Bruce Phipps, CPP, Direktor von Shared Services, People2.0, f\u00fcr die zweite Amtszeit als Pr\u00e4sident an &#8211; People2.0 | Global\" \/>\n<meta property=\"og:description\" content=\"Phipps, der seit 1988 Mitglied der APA und Certified Payroll Professional (CPP) ist, wird seine Pr\u00e4sidentschaft angesichts der F\u00fchrungswechsel fortsetzen.\" \/>\n<meta property=\"og:url\" content=\"https:\/\/www.people20.com\/de\/company-news\/american-payroll-association-announces-bruce-phipps-cpp-director-of-shared-services-people2-0-to-serve-second-presidential-term-2\/\" \/>\n<meta property=\"og:site_name\" content=\"People2.0 | Global\" \/>\n<meta property=\"article:modified_time\" content=\"2025-12-12T19:55:32+00:00\" \/>\n<meta property=\"og:image\" content=\"https:\/\/www.people20.com\/wp-content\/uploads\/2025\/09\/default-featured-blog-image-e1759425826602.png\" \/>\n\t<meta property=\"og:image:width\" content=\"2000\" \/>\n\t<meta property=\"og:image:height\" content=\"1350\" \/>\n\t<meta property=\"og:image:type\" content=\"image\/png\" \/>\n<meta name=\"twitter:card\" content=\"summary_large_image\" \/>\n<meta name=\"twitter:label1\" content=\"Gesch\u00e4tzte Lesezeit\" \/>\n\t<meta name=\"twitter:data1\" content=\"2 Minuten\" \/>\n<!-- \/ Yoast SEO plugin. -->","yoast_head_json":{"title":"American Payroll Association k\u00fcndigt Bruce Phipps, CPP, Direktor von Shared Services, People2.0, f\u00fcr die zweite Amtszeit als Pr\u00e4sident an &#8211; People2.0 | Global","description":"Phipps, der seit 1988 Mitglied der APA und Certified Payroll Professional (CPP) ist, wird seine Pr\u00e4sidentschaft angesichts der F\u00fchrungswechsel fortsetzen.","robots":{"index":"index","follow":"follow","max-snippet":"max-snippet:-1","max-image-preview":"max-image-preview:large","max-video-preview":"max-video-preview:-1"},"canonical":"https:\/\/www.people20.com\/de\/company-news\/american-payroll-association-announces-bruce-phipps-cpp-director-of-shared-services-people2-0-to-serve-second-presidential-term-2\/","og_locale":"de_DE","og_type":"article","og_title":"American Payroll Association k\u00fcndigt Bruce Phipps, CPP, Direktor von Shared Services, People2.0, f\u00fcr die zweite Amtszeit als Pr\u00e4sident an &#8211; People2.0 | Global","og_description":"Phipps, der seit 1988 Mitglied der APA und Certified Payroll Professional (CPP) ist, wird seine Pr\u00e4sidentschaft angesichts der F\u00fchrungswechsel fortsetzen.","og_url":"https:\/\/www.people20.com\/de\/company-news\/american-payroll-association-announces-bruce-phipps-cpp-director-of-shared-services-people2-0-to-serve-second-presidential-term-2\/","og_site_name":"People2.0 | Global","article_modified_time":"2025-12-12T19:55:32+00:00","og_image":[{"width":2000,"height":1350,"url":"https:\/\/www.people20.com\/wp-content\/uploads\/2025\/09\/default-featured-blog-image-e1759425826602.png","type":"image\/png"}],"twitter_card":"summary_large_image","twitter_misc":{"Gesch\u00e4tzte Lesezeit":"2 Minuten"},"schema":{"@context":"https:\/\/schema.org","@graph":[{"@type":"WebPage","@id":"https:\/\/www.people20.com\/de\/company-news\/american-payroll-association-announces-bruce-phipps-cpp-director-of-shared-services-people2-0-to-serve-second-presidential-term-2\/","url":"https:\/\/www.people20.com\/de\/company-news\/american-payroll-association-announces-bruce-phipps-cpp-director-of-shared-services-people2-0-to-serve-second-presidential-term-2\/","name":"American Payroll Association k\u00fcndigt Bruce Phipps, CPP, Direktor von Shared Services, People2.0, f\u00fcr die zweite Amtszeit als Pr\u00e4sident an &#8211; People2.0 | Global","isPartOf":{"@id":"https:\/\/www.people20.com\/de\/#website"},"primaryImageOfPage":{"@id":"https:\/\/www.people20.com\/de\/company-news\/american-payroll-association-announces-bruce-phipps-cpp-director-of-shared-services-people2-0-to-serve-second-presidential-term-2\/#primaryimage"},"image":{"@id":"https:\/\/www.people20.com\/de\/company-news\/american-payroll-association-announces-bruce-phipps-cpp-director-of-shared-services-people2-0-to-serve-second-presidential-term-2\/#primaryimage"},"thumbnailUrl":"https:\/\/www.people20.com\/wp-content\/uploads\/2025\/09\/default-featured-blog-image-e1759425826602.png","datePublished":"2022-03-05T03:24:00+00:00","dateModified":"2025-12-12T19:55:32+00:00","description":"Phipps, der seit 1988 Mitglied der APA und Certified Payroll Professional (CPP) ist, wird seine Pr\u00e4sidentschaft angesichts der F\u00fchrungswechsel fortsetzen.","breadcrumb":{"@id":"https:\/\/www.people20.com\/de\/company-news\/american-payroll-association-announces-bruce-phipps-cpp-director-of-shared-services-people2-0-to-serve-second-presidential-term-2\/#breadcrumb"},"inLanguage":"de","potentialAction":[{"@type":"ReadAction","target":["https:\/\/www.people20.com\/de\/company-news\/american-payroll-association-announces-bruce-phipps-cpp-director-of-shared-services-people2-0-to-serve-second-presidential-term-2\/"]}]},{"@type":"ImageObject","inLanguage":"de","@id":"https:\/\/www.people20.com\/de\/company-news\/american-payroll-association-announces-bruce-phipps-cpp-director-of-shared-services-people2-0-to-serve-second-presidential-term-2\/#primaryimage","url":"https:\/\/www.people20.com\/wp-content\/uploads\/2025\/09\/default-featured-blog-image-e1759425826602.png","contentUrl":"https:\/\/www.people20.com\/wp-content\/uploads\/2025\/09\/default-featured-blog-image-e1759425826602.png","width":2000,"height":1350},{"@type":"BreadcrumbList","@id":"https:\/\/www.people20.com\/de\/company-news\/american-payroll-association-announces-bruce-phipps-cpp-director-of-shared-services-people2-0-to-serve-second-presidential-term-2\/#breadcrumb","itemListElement":[{"@type":"ListItem","position":1,"name":"Home","item":"https:\/\/www.people20.com\/de\/home\/"},{"@type":"ListItem","position":2,"name":"Nachrichten","item":"https:\/\/www.people20.com\/de\/news-archive\/"},{"@type":"ListItem","position":3,"name":"American Payroll Association k\u00fcndigt Bruce Phipps, CPP, Direktor von Shared Services, People2.0, f\u00fcr die zweite Amtszeit als Pr\u00e4sident an"}]},{"@type":"WebSite","@id":"https:\/\/www.people20.com\/de\/#website","url":"https:\/\/www.people20.com\/de\/","name":"People2.0 | Global","description":"Global employment, simplified.","publisher":{"@id":"https:\/\/www.people20.com\/de\/#organization"},"potentialAction":[{"@type":"SearchAction","target":{"@type":"EntryPoint","urlTemplate":"https:\/\/www.people20.com\/de\/?s={search_term_string}"},"query-input":{"@type":"PropertyValueSpecification","valueRequired":true,"valueName":"search_term_string"}}],"inLanguage":"de"},{"@type":"Organization","@id":"https:\/\/www.people20.com\/de\/#organization","name":"People2.0 | Global","url":"https:\/\/www.people20.com\/de\/","logo":{"@type":"ImageObject","inLanguage":"de","@id":"https:\/\/www.people20.com\/de\/#\/schema\/logo\/image\/","url":"https:\/\/www.people20.com\/wp-content\/uploads\/2025\/05\/people20-logo.svg","contentUrl":"https:\/\/www.people20.com\/wp-content\/uploads\/2025\/05\/people20-logo.svg","caption":"People2.0 | Global"},"image":{"@id":"https:\/\/www.people20.com\/de\/#\/schema\/logo\/image\/"}}]}},"_links":{"self":[{"href":"https:\/\/www.people20.com\/de\/wp-json\/wp\/v2\/news\/26185","targetHints":{"allow":["GET"]}}],"collection":[{"href":"https:\/\/www.people20.com\/de\/wp-json\/wp\/v2\/news"}],"about":[{"href":"https:\/\/www.people20.com\/de\/wp-json\/wp\/v2\/types\/company-news"}],"author":[{"embeddable":true,"href":"https:\/\/www.people20.com\/de\/wp-json\/wp\/v2\/users\/1"}],"replies":[{"embeddable":true,"href":"https:\/\/www.people20.com\/de\/wp-json\/wp\/v2\/comments?post=26185"}],"version-history":[{"count":1,"href":"https:\/\/www.people20.com\/de\/wp-json\/wp\/v2\/news\/26185\/revisions"}],"predecessor-version":[{"id":35480,"href":"https:\/\/www.people20.com\/de\/wp-json\/wp\/v2\/news\/26185\/revisions\/35480"}],"wp:featuredmedia":[{"embeddable":true,"href":"https:\/\/www.people20.com\/de\/wp-json\/wp\/v2\/media\/22447"}],"wp:attachment":[{"href":"https:\/\/www.people20.com\/de\/wp-json\/wp\/v2\/media?parent=26185"}],"wp:term":[{"taxonomy":"category","embeddable":true,"href":"https:\/\/www.people20.com\/de\/wp-json\/wp\/v2\/categories?post=26185"},{"taxonomy":"post_tag","embeddable":true,"href":"https:\/\/www.people20.com\/de\/wp-json\/wp\/v2\/tags?post=26185"}],"curies":[{"name":"wp","href":"https:\/\/api.w.org\/{rel}","templated":true}]}}